{"id":160751,"date":"2026-05-30T09:38:36","date_gmt":"2026-05-30T12:38:36","guid":{"rendered":"https:\/\/vinasfm.com\/noticias\/?p=160751"},"modified":"2026-06-01T10:08:26","modified_gmt":"2026-06-01T13:08:26","slug":"investigan-un-robo-en-una-vivienda-del-barrio-soemga","status":"publish","type":"post","link":"https:\/\/vinasfm.com\/noticias\/investigan-un-robo-en-una-vivienda-del-barrio-soemga\/","title":{"rendered":"INVESTIGAN UN ROBO EN UNA VIVIENDA DEL BARRIO SOEMGA"},"content":{"rendered":"<h4><strong>Personal policial investiga un robo ocurrido en una vivienda ubicada en el barrio SOEMGA de General Alvear.<\/strong><\/h4>\n<p>El hecho fue denunciado cerca de las 11:30 horas de este viernes y tom\u00f3 intervenci\u00f3n personal de Comisar\u00eda 14 tras un llamado al 911 que alertaba sobre el il\u00edcito.<\/p>\n<p>Seg\u00fan la informaci\u00f3n oficial, la propietaria de la vivienda, identificada como M.E.V., de 58 a\u00f1os, se hab\u00eda retirado del domicilio durante la ma\u00f1ana y al regresar constat\u00f3 da\u00f1os en el port\u00f3n del patio trasero y en la puerta del garaje que conecta con la vivienda.<\/p>\n<p>Posteriormente verific\u00f3 el faltante de dinero en efectivo, parlantes inal\u00e1mbricos, herramientas, prendas de vestir y un par de zapatillas.<\/p>\n<p>Efectivos policiales realizaron las actuaciones correspondientes y trabajaron en el lugar con el objetivo de avanzar en la investigaci\u00f3n del hecho.<\/p>\n<p>Interviene la Oficina Fiscal de jurisdicci\u00f3n.<\/p>\n","protected":false},"excerpt":{"rendered":"<p>Personal policial investiga un robo ocurrido en una vivienda ubicada en el barrio SOEMGA de General Alvear. El hecho fue denunciado &#8230;<\/p>\n","protected":false},"author":7,"featured_media":105693,"comment_status":"open","ping_status":"open","sticky":false,"template":"","format":"standard","meta":{"footnotes":""},"categories":[5,4],"tags":[],"class_list":["post-160751","post","type-post","status-publish","format-standard","has-post-thumbnail","hentry","category-actualidad","category-policiales"],"_links":{"self":[{"href":"https:\/\/vinasfm.com\/noticias\/wp-json\/wp\/v2\/posts\/160751","targetHints":{"allow":["GET"]}}],"collection":[{"href":"https:\/\/vinasfm.com\/noticias\/wp-json\/wp\/v2\/posts"}],"about":[{"href":"https:\/\/vinasfm.com\/noticias\/wp-json\/wp\/v2\/types\/post"}],"author":[{"embeddable":true,"href":"https:\/\/vinasfm.com\/noticias\/wp-json\/wp\/v2\/users\/7"}],"replies":[{"embeddable":true,"href":"https:\/\/vinasfm.com\/noticias\/wp-json\/wp\/v2\/comments?post=160751"}],"version-history":[{"count":3,"href":"https:\/\/vinasfm.com\/noticias\/wp-json\/wp\/v2\/posts\/160751\/revisions"}],"predecessor-version":[{"id":160757,"href":"https:\/\/vinasfm.com\/noticias\/wp-json\/wp\/v2\/posts\/160751\/revisions\/160757"}],"wp:featuredmedia":[{"embeddable":true,"href":"https:\/\/vinasfm.com\/noticias\/wp-json\/wp\/v2\/media\/105693"}],"wp:attachment":[{"href":"https:\/\/vinasfm.com\/noticias\/wp-json\/wp\/v2\/media?parent=160751"}],"wp:term":[{"taxonomy":"category","embeddable":true,"href":"https:\/\/vinasfm.com\/noticias\/wp-json\/wp\/v2\/categories?post=160751"},{"taxonomy":"post_tag","embeddable":true,"href":"https:\/\/vinasfm.com\/noticias\/wp-json\/wp\/v2\/tags?post=160751"}],"curies":[{"name":"wp","href":"https:\/\/api.w.org\/{rel}","templated":true}]}}