{"id":160747,"date":"2026-05-30T09:31:18","date_gmt":"2026-05-30T12:31:18","guid":{"rendered":"https:\/\/vinasfm.com\/noticias\/?p=160747"},"modified":"2026-06-01T09:31:48","modified_gmt":"2026-06-01T12:31:48","slug":"brindaron-una-capacitacion-interministerial-sobre-escenarios-de-cuidado-y-prevencion-en-la-escuela","status":"publish","type":"post","link":"https:\/\/vinasfm.com\/noticias\/brindaron-una-capacitacion-interministerial-sobre-escenarios-de-cuidado-y-prevencion-en-la-escuela\/","title":{"rendered":"BRINDARON UNA CAPACITACI\u00d3N INTERMINISTERIAL SOBRE ESCENARIOS DE CUIDADO Y PREVENCI\u00d3N EN LA ESCUELA"},"content":{"rendered":"<h4><strong>General Alvear fue sede de una importante capacitaci\u00f3n interministerial destinada a docentes, directivos y supervisores de instituciones educativas, centrada en la Gu\u00eda de Procedimientos de Situaciones Emergentes. <\/strong><\/h4>\n<p>La actividad se desarroll\u00f3 en el Cine Teatro Antonio Lafalla y reuni\u00f3 a representantes de los ministerios de Seguridad, Salud, Educaci\u00f3n y Justicia, en una jornada de formaci\u00f3n y prevenci\u00f3n orientada a fortalecer las herramientas de actuaci\u00f3n ante distintas situaciones de crisis dentro del \u00e1mbito escolar.<\/p>\n<p>Durante la ma\u00f1ana, el intendente Alejandro Molero, mantuvo una reuni\u00f3n con los representantes de dichos ministerios, en el marco de esta importante capacitaci\u00f3n.<\/p>\n<p><a href=\"https:\/\/vinasfm.com\/noticias\/wp-content\/uploads\/2026\/05\/IMG-20260530-WA0010.jpg\"><img loading=\"lazy\" decoding=\"async\" class=\"alignnone size-large wp-image-160746\" src=\"https:\/\/vinasfm.com\/noticias\/wp-content\/uploads\/2026\/05\/IMG-20260530-WA0010-1024x577.jpg\" alt=\"\" width=\"1024\" height=\"577\" srcset=\"https:\/\/vinasfm.com\/noticias\/wp-content\/uploads\/2026\/05\/IMG-20260530-WA0010-1024x577.jpg 1024w, https:\/\/vinasfm.com\/noticias\/wp-content\/uploads\/2026\/05\/IMG-20260530-WA0010-300x169.jpg 300w, https:\/\/vinasfm.com\/noticias\/wp-content\/uploads\/2026\/05\/IMG-20260530-WA0010-768x432.jpg 768w, https:\/\/vinasfm.com\/noticias\/wp-content\/uploads\/2026\/05\/IMG-20260530-WA0010-1536x865.jpg 1536w, https:\/\/vinasfm.com\/noticias\/wp-content\/uploads\/2026\/05\/IMG-20260530-WA0010-1140x641.jpg 1140w, https:\/\/vinasfm.com\/noticias\/wp-content\/uploads\/2026\/05\/IMG-20260530-WA0010.jpg 1600w\" sizes=\"auto, (max-width: 1024px) 100vw, 1024px\" \/><\/a><\/p>\n<p>El <strong><span style=\"color: #800080;\">director de Educaci\u00f3n<\/span><\/strong> de la Municipalidad de General Alvear, Jos\u00e9 Mor\u00e1n, destac\u00f3 el orgullo de poder recibir en el departamento a referentes provinciales y valor\u00f3 el trabajo articulado que permiti\u00f3 concretar la capacitaci\u00f3n. <em><strong>\u201cPara General Alvear es muy importante poder generar estos espacios de formaci\u00f3n y acompa\u00f1amiento para nuestras instituciones educativas\u201d<\/strong><\/em>, expres\u00f3.<\/p>\n<p>Durante la jornada se trabaj\u00f3 sobre protocolos vinculados a amenazas de bomba, tirador activo, crisis sociales externas y otras situaciones emergentes que requieren respuestas r\u00e1pidas y coordinadas. <strong><span style=\"color: #800080;\">Silvia Vega<\/span><\/strong>, subdirectora de Educaci\u00f3n Secundaria, explic\u00f3 que estas capacitaciones comenzaron a fines de 2025 y se fueron fortaleciendo a lo largo del a\u00f1o con equipos especializados que recorrieron distintos puntos de Mendoza, culminando esta primera etapa en General Alvear.<\/p>\n<p><a href=\"https:\/\/vinasfm.com\/noticias\/wp-content\/uploads\/2026\/05\/IMG-20260530-WA0008.jpg\"><img loading=\"lazy\" decoding=\"async\" class=\"alignnone size-large wp-image-160744\" src=\"https:\/\/vinasfm.com\/noticias\/wp-content\/uploads\/2026\/05\/IMG-20260530-WA0008-1024x681.jpg\" alt=\"\" width=\"1024\" height=\"681\" srcset=\"https:\/\/vinasfm.com\/noticias\/wp-content\/uploads\/2026\/05\/IMG-20260530-WA0008-1024x681.jpg 1024w, https:\/\/vinasfm.com\/noticias\/wp-content\/uploads\/2026\/05\/IMG-20260530-WA0008-300x200.jpg 300w, https:\/\/vinasfm.com\/noticias\/wp-content\/uploads\/2026\/05\/IMG-20260530-WA0008-768x511.jpg 768w, https:\/\/vinasfm.com\/noticias\/wp-content\/uploads\/2026\/05\/IMG-20260530-WA0008-1536x1021.jpg 1536w, https:\/\/vinasfm.com\/noticias\/wp-content\/uploads\/2026\/05\/IMG-20260530-WA0008.jpg 1600w\" sizes=\"auto, (max-width: 1024px) 100vw, 1024px\" \/><\/a><\/p>\n<p>Desde el Ministerio de Seguridad y Justicia, Mar\u00eda Bel\u00e9n Gonz\u00e1lez se\u00f1al\u00f3 que las gu\u00edas brindan herramientas concretas para que cada escuela pueda adaptar los protocolos a su realidad institucional y edilicia.<\/p>\n<p>En tanto, el comisario Javier Ortiz, jefe de la Fuerza de Operaciones Especiales de la Polic\u00eda de Mendoza, remarc\u00f3 la importancia de actuar correctamente durante los primeros minutos de una crisis, destacando que la prevenci\u00f3n y la preparaci\u00f3n son fundamentales para preservar la seguridad de alumnos y docentes.<\/p>\n<p><a href=\"https:\/\/vinasfm.com\/noticias\/wp-content\/uploads\/2026\/05\/IMG-20260530-WA0009.jpg\"><img loading=\"lazy\" decoding=\"async\" class=\"alignnone size-large wp-image-160745\" src=\"https:\/\/vinasfm.com\/noticias\/wp-content\/uploads\/2026\/05\/IMG-20260530-WA0009-1024x681.jpg\" alt=\"\" width=\"1024\" height=\"681\" srcset=\"https:\/\/vinasfm.com\/noticias\/wp-content\/uploads\/2026\/05\/IMG-20260530-WA0009-1024x681.jpg 1024w, https:\/\/vinasfm.com\/noticias\/wp-content\/uploads\/2026\/05\/IMG-20260530-WA0009-300x200.jpg 300w, https:\/\/vinasfm.com\/noticias\/wp-content\/uploads\/2026\/05\/IMG-20260530-WA0009-768x511.jpg 768w, https:\/\/vinasfm.com\/noticias\/wp-content\/uploads\/2026\/05\/IMG-20260530-WA0009-1536x1021.jpg 1536w, https:\/\/vinasfm.com\/noticias\/wp-content\/uploads\/2026\/05\/IMG-20260530-WA0009.jpg 1600w\" sizes=\"auto, (max-width: 1024px) 100vw, 1024px\" \/><\/a><\/p>\n<p>La capacitaci\u00f3n tambi\u00e9n cont\u00f3 con la participaci\u00f3n de escuelas de educaci\u00f3n especial de General Alvear, San Rafael y Malarg\u00fce. Mar\u00eda de los \u00c1ngeles Zavaroni, directora de Educaci\u00f3n Especial, destac\u00f3 que estas herramientas son fundamentales para todas las instituciones educativas y resalt\u00f3 el valor del trabajo coordinado entre organismos provinciales y las comunidades escolares.<\/p>\n<p>Con este tipo de iniciativas, General Alvear contin\u00faa consolidando el trabajo conjunto entre municipio, provincia y comunidades educativas, apostando a la capacitaci\u00f3n, la prevenci\u00f3n y el acompa\u00f1amiento permanente como herramientas fundamentales para garantizar entornos escolares m\u00e1s seguros y preparados.<\/p>\n","protected":false},"excerpt":{"rendered":"<p>General Alvear fue sede de una importante capacitaci\u00f3n interministerial destinada a docentes, directivos y supervisores de instituciones educativas, centrada en la &#8230;<\/p>\n","protected":false},"author":7,"featured_media":160745,"comment_status":"open","ping_status":"open","sticky":false,"template":"","format":"standard","meta":{"footnotes":""},"categories":[5,10],"tags":[],"class_list":["post-160747","post","type-post","status-publish","format-standard","has-post-thumbnail","hentry","category-actualidad","category-destacadas"],"_links":{"self":[{"href":"https:\/\/vinasfm.com\/noticias\/wp-json\/wp\/v2\/posts\/160747","targetHints":{"allow":["GET"]}}],"collection":[{"href":"https:\/\/vinasfm.com\/noticias\/wp-json\/wp\/v2\/posts"}],"about":[{"href":"https:\/\/vinasfm.com\/noticias\/wp-json\/wp\/v2\/types\/post"}],"author":[{"embeddable":true,"href":"https:\/\/vinasfm.com\/noticias\/wp-json\/wp\/v2\/users\/7"}],"replies":[{"embeddable":true,"href":"https:\/\/vinasfm.com\/noticias\/wp-json\/wp\/v2\/comments?post=160747"}],"version-history":[{"count":3,"href":"https:\/\/vinasfm.com\/noticias\/wp-json\/wp\/v2\/posts\/160747\/revisions"}],"predecessor-version":[{"id":160791,"href":"https:\/\/vinasfm.com\/noticias\/wp-json\/wp\/v2\/posts\/160747\/revisions\/160791"}],"wp:featuredmedia":[{"embeddable":true,"href":"https:\/\/vinasfm.com\/noticias\/wp-json\/wp\/v2\/media\/160745"}],"wp:attachment":[{"href":"https:\/\/vinasfm.com\/noticias\/wp-json\/wp\/v2\/media?parent=160747"}],"wp:term":[{"taxonomy":"category","embeddable":true,"href":"https:\/\/vinasfm.com\/noticias\/wp-json\/wp\/v2\/categories?post=160747"},{"taxonomy":"post_tag","embeddable":true,"href":"https:\/\/vinasfm.com\/noticias\/wp-json\/wp\/v2\/tags?post=160747"}],"curies":[{"name":"wp","href":"https:\/\/api.w.org\/{rel}","templated":true}]}}