{"id":160736,"date":"2026-05-29T11:06:56","date_gmt":"2026-05-29T14:06:56","guid":{"rendered":"https:\/\/vinasfm.com\/noticias\/?p=160736"},"modified":"2026-06-01T09:25:51","modified_gmt":"2026-06-01T12:25:51","slug":"el-gobierno-de-mendoza-oficializo-la-inversion-para-realizar-la-encuesta-sobre-condiciones-de-vida","status":"publish","type":"post","link":"https:\/\/vinasfm.com\/noticias\/el-gobierno-de-mendoza-oficializo-la-inversion-para-realizar-la-encuesta-sobre-condiciones-de-vida\/","title":{"rendered":"EL GOBIERNO DE MENDOZA OFICIALIZ\u00d3 LA INVERSI\u00d3N PARA REALIZAR LA ENCUESTA SOBRE CONDICIONES DE VIDA"},"content":{"rendered":"<article class=\"article-body article-body--first-paragraph\">\n<h4 id=\"p-1780053197626-58616\"><strong>El\u00a0Gobierno de Mendoza\u00a0oficializ\u00f3 la realizaci\u00f3n de la\u00a0Encuesta Urbano-Rural de Condiciones de Vida 2026, con una\u00a0inversi\u00f3n\u00a0de m\u00e1s de $216 millones, a trav\u00e9s de la\u00a0Direcci\u00f3n de Estad\u00edsticas e Investigaciones Econ\u00f3micas (DEIE). Este\u00a0relevamiento\u00a0que se hace desde 2003 para\u00a0medir distintos indicadores sociales y econ\u00f3micos\u00a0de la provincia.<\/strong><\/h4>\n<\/article>\n<article class=\"article-body article-body--second-paragraph\">\n<p id=\"p-1780053606804-3444\" data-start=\"264\" data-end=\"521\">El decreto 979, publicado este viernes en el Bolet\u00edn Oficial, indic\u00f3 que este sondeo permitir\u00e1<strong>\u00a0actualizar informaci\u00f3n vinculada a salud, educaci\u00f3n, vivienda e ingresos de los hogares mendocinos<\/strong>, adem\u00e1s de obtener datos estad\u00edsticos sobre las\u00a0<strong>condiciones de vida\u00a0<\/strong>de la poblaci\u00f3n.<\/p>\n<\/article>\n<article class=\"article-body article-body--second-paragraph\"><\/article>\n<article class=\"article-body article-body--second-paragraph\">\n<p id=\"p-1780053739844-41068\" data-start=\"1322\" data-end=\"1624\">\n<\/article>\n<article class=\"article-body article-body--third-paragraph\">\n<p id=\"p-1780053739844-97973\" data-start=\"523\" data-end=\"782\">Para esto,<strong>\u00a0la Provincia aportar\u00e1 $216.647.200<\/strong>, a trav\u00e9s de la DEIE. Los fondos ser\u00e1n afrontados con recursos de Rentas Generales del presupuesto 2026. El acuerdo fue suscripto entre<strong>\u00a0el Gobierno y la Fundaci\u00f3n ArgenINTA<\/strong>\u00a0el pasado 12 de mayo. Esta \u00faltima tendr\u00e1 la funci\u00f3n de brindar apoyo log\u00edstico y administrar los recursos financieros.<\/p>\n<h2 id=\"p-1780054398111-41762\" data-start=\"523\" data-end=\"782\">Los objetivos de la encuesta que realizar\u00e1 el Gobierno de Mendoza<\/h2>\n<ul id=\"p-1780054406291-79417\">\n<li id=\"p-1780054405103-45626\">Actualizar informaci\u00f3n sobre las\u00a0<strong>principales caracter\u00edsticas de la poblaci\u00f3n<\/strong>.<\/li>\n<li id=\"p-1780054409397-52297\">Relevar datos vinculados a\u00a0<strong>salud, educaci\u00f3n y vivienda<\/strong>.<\/li>\n<li id=\"p-1780054411339-85029\">Estimar el\u00a0<strong>ingreso promedio de los<\/strong>\u00a0<strong>hogares<\/strong>.<\/li>\n<li id=\"p-1780054415321-63185\">Obtener informaci\u00f3n confiable y sostenida en el tiempo sobre las\u00a0<strong>condiciones de vida<\/strong>\u00a0en Mendoza.<\/li>\n<\/ul>\n<\/article>\n","protected":false},"excerpt":{"rendered":"<p>El\u00a0Gobierno de Mendoza\u00a0oficializ\u00f3 la realizaci\u00f3n de la\u00a0Encuesta Urbano-Rural de Condiciones de Vida 2026, con una\u00a0inversi\u00f3n\u00a0de m\u00e1s de $216 millones, a trav\u00e9s &#8230;<\/p>\n","protected":false},"author":7,"featured_media":160737,"comment_status":"open","ping_status":"open","sticky":false,"template":"","format":"standard","meta":{"footnotes":""},"categories":[5,10],"tags":[],"class_list":["post-160736","post","type-post","status-publish","format-standard","has-post-thumbnail","hentry","category-actualidad","category-destacadas"],"_links":{"self":[{"href":"https:\/\/vinasfm.com\/noticias\/wp-json\/wp\/v2\/posts\/160736","targetHints":{"allow":["GET"]}}],"collection":[{"href":"https:\/\/vinasfm.com\/noticias\/wp-json\/wp\/v2\/posts"}],"about":[{"href":"https:\/\/vinasfm.com\/noticias\/wp-json\/wp\/v2\/types\/post"}],"author":[{"embeddable":true,"href":"https:\/\/vinasfm.com\/noticias\/wp-json\/wp\/v2\/users\/7"}],"replies":[{"embeddable":true,"href":"https:\/\/vinasfm.com\/noticias\/wp-json\/wp\/v2\/comments?post=160736"}],"version-history":[{"count":1,"href":"https:\/\/vinasfm.com\/noticias\/wp-json\/wp\/v2\/posts\/160736\/revisions"}],"predecessor-version":[{"id":160738,"href":"https:\/\/vinasfm.com\/noticias\/wp-json\/wp\/v2\/posts\/160736\/revisions\/160738"}],"wp:featuredmedia":[{"embeddable":true,"href":"https:\/\/vinasfm.com\/noticias\/wp-json\/wp\/v2\/media\/160737"}],"wp:attachment":[{"href":"https:\/\/vinasfm.com\/noticias\/wp-json\/wp\/v2\/media?parent=160736"}],"wp:term":[{"taxonomy":"category","embeddable":true,"href":"https:\/\/vinasfm.com\/noticias\/wp-json\/wp\/v2\/categories?post=160736"},{"taxonomy":"post_tag","embeddable":true,"href":"https:\/\/vinasfm.com\/noticias\/wp-json\/wp\/v2\/tags?post=160736"}],"curies":[{"name":"wp","href":"https:\/\/api.w.org\/{rel}","templated":true}]}}