{"id":160725,"date":"2026-05-29T10:21:21","date_gmt":"2026-05-29T13:21:21","guid":{"rendered":"https:\/\/vinasfm.com\/noticias\/?p=160725"},"modified":"2026-05-30T09:41:36","modified_gmt":"2026-05-30T12:41:36","slug":"crece-la-preocupacion-por-la-alvearense-paula-gimenez-lleva-cinco-dias-detenida-en-libia-y-su-familia-denuncia-falta-de-respuestas","status":"publish","type":"post","link":"https:\/\/vinasfm.com\/noticias\/crece-la-preocupacion-por-la-alvearense-paula-gimenez-lleva-cinco-dias-detenida-en-libia-y-su-familia-denuncia-falta-de-respuestas\/","title":{"rendered":"CRECE LA PREOCUPACI\u00d3N POR LA ALVEARENSE PAULA GIM\u00c9NEZ: LLEVA CINCO D\u00cdAS DETENIDA EN LIBIA Y SU FAMILIA DENUNCIA FALTA DE RESPUESTAS"},"content":{"rendered":"<h4>La situaci\u00f3n de la alvearense Paula Gim\u00e9nez, integrante de la caravana internacional de ayuda humanitaria Global Sumud Maghreb para palestinos bajo el genocidio israel\u00ed, y que se dirig\u00eda hacia Gaza, contin\u00faa generando preocupaci\u00f3n e incertidumbre.<\/h4>\n<p>La mujer fue detenida junto a otros activistas en Libia durante el desarrollo de la misi\u00f3n solidaria y, desde entonces, la comunicaci\u00f3n con el grupo es pr\u00e1cticamente nula.<\/p>\n<p>A cinco d\u00edas de la detenci\u00f3n, familiares y allegados aseguran que no cuentan con informaci\u00f3n oficial sobre el estado de salud ni las condiciones en las que permanecen retenidos los integrantes de la delegaci\u00f3n internacional. La falta de noticias concretas incrementa la angustia de quienes siguen de cerca el caso desde Argentina.<\/p>\n<p>\u201cHoy es el quinto d\u00eda que est\u00e1n detenidos. Estamos muy preocupados y muy angustiados porque no hay noticias de ellos\u201d, expres\u00f3 Nora Ot\u00edn, madre de Paula, en exclusiva para Diario San Rafael. Seg\u00fan explic\u00f3, la \u00fanica informaci\u00f3n disponible surgi\u00f3 a partir de la visita que realiz\u00f3 el canciller de Italia a dos ciudadanos de ese pa\u00eds que forman parte de los detenidos.<\/p>\n<p>De acuerdo con ese testimonio, los italianos pudieron transmitir que el resto de los integrantes de la caravana se encontrar\u00edan bien. Sin embargo, remarcaron que no existe ninguna comunicaci\u00f3n directa con los dem\u00e1s activistas. \u201cCiertamente no tenemos nada\u201d, se\u00f1al\u00f3 Ot\u00edn.<\/p>\n<p>Adem\u00e1s, trascendi\u00f3 que durante la visita diplom\u00e1tica se solicitaron mejoras en las condiciones de detenci\u00f3n. Entre los pedidos realizados estuvo la posibilidad de que los detenidos pudieran asearse. \u201cLes pidieron que se pudieran ba\u00f1ar, as\u00ed que imaginemos que llevaban d\u00edas en condiciones muy dif\u00edciles\u201d, indic\u00f3, reflejando la preocupaci\u00f3n existente por el trato que reciben.<\/p>\n<p>En paralelo, familiares y organizaciones solidarias impulsan acciones para visibilizar la situaci\u00f3n y reclamar una intervenci\u00f3n m\u00e1s activa de las autoridades argentinas. Para este mi\u00e9rcoles est\u00e1 prevista una movilizaci\u00f3n frente a la Canciller\u00eda Argentina con el objetivo de exigir respuestas y gestiones concretas que permitan conocer el estado de los detenidos y avanzar en su liberaci\u00f3n.<\/p>\n<p>\u201cVamos a ver qu\u00e9 ocurre porque, en realidad, no tenemos ninguna respuesta. La Canciller\u00eda Argentina no ha accionado\u201d, manifest\u00f3 la madre de Paula Gim\u00e9nez.<\/p>\n<p>Mientras tanto, la incertidumbre contin\u00faa creciendo y familiares, amigos y organizaciones humanitarias mantienen el reclamo para que se intensifiquen las gestiones diplom\u00e1ticas y se garantice informaci\u00f3n sobre el paradero y las condiciones de detenci\u00f3n de la alvearense y del resto de los integrantes de la misi\u00f3n solidaria.<\/p>\n<h6><span style=\"color: #ff0000;\">Fuente: Diario San Rafael<\/span><\/h6>\n","protected":false},"excerpt":{"rendered":"<p>La situaci\u00f3n de la alvearense Paula Gim\u00e9nez, integrante de la caravana internacional de ayuda humanitaria Global Sumud Maghreb para palestinos bajo &#8230;<\/p>\n","protected":false},"author":7,"featured_media":160726,"comment_status":"open","ping_status":"open","sticky":false,"template":"","format":"standard","meta":{"footnotes":""},"categories":[5,10],"tags":[],"class_list":["post-160725","post","type-post","status-publish","format-standard","has-post-thumbnail","hentry","category-actualidad","category-destacadas"],"_links":{"self":[{"href":"https:\/\/vinasfm.com\/noticias\/wp-json\/wp\/v2\/posts\/160725","targetHints":{"allow":["GET"]}}],"collection":[{"href":"https:\/\/vinasfm.com\/noticias\/wp-json\/wp\/v2\/posts"}],"about":[{"href":"https:\/\/vinasfm.com\/noticias\/wp-json\/wp\/v2\/types\/post"}],"author":[{"embeddable":true,"href":"https:\/\/vinasfm.com\/noticias\/wp-json\/wp\/v2\/users\/7"}],"replies":[{"embeddable":true,"href":"https:\/\/vinasfm.com\/noticias\/wp-json\/wp\/v2\/comments?post=160725"}],"version-history":[{"count":1,"href":"https:\/\/vinasfm.com\/noticias\/wp-json\/wp\/v2\/posts\/160725\/revisions"}],"predecessor-version":[{"id":160728,"href":"https:\/\/vinasfm.com\/noticias\/wp-json\/wp\/v2\/posts\/160725\/revisions\/160728"}],"wp:featuredmedia":[{"embeddable":true,"href":"https:\/\/vinasfm.com\/noticias\/wp-json\/wp\/v2\/media\/160726"}],"wp:attachment":[{"href":"https:\/\/vinasfm.com\/noticias\/wp-json\/wp\/v2\/media?parent=160725"}],"wp:term":[{"taxonomy":"category","embeddable":true,"href":"https:\/\/vinasfm.com\/noticias\/wp-json\/wp\/v2\/categories?post=160725"},{"taxonomy":"post_tag","embeddable":true,"href":"https:\/\/vinasfm.com\/noticias\/wp-json\/wp\/v2\/tags?post=160725"}],"curies":[{"name":"wp","href":"https:\/\/api.w.org\/{rel}","templated":true}]}}