{"id":160717,"date":"2026-05-29T09:45:36","date_gmt":"2026-05-29T12:45:36","guid":{"rendered":"https:\/\/vinasfm.com\/noticias\/?p=160717"},"modified":"2026-05-30T09:38:33","modified_gmt":"2026-05-30T12:38:33","slug":"general-alvear-celebro-el-dia-de-los-jardines-junto-a-docentes-ninos-y-familias","status":"publish","type":"post","link":"https:\/\/vinasfm.com\/noticias\/general-alvear-celebro-el-dia-de-los-jardines-junto-a-docentes-ninos-y-familias\/","title":{"rendered":"GENERAL ALVEAR CELEBR\u00d3 EL D\u00cdA DE LOS JARDINES JUNTO A DOCENTES, NI\u00d1OS Y FAMILIAS"},"content":{"rendered":"<h4><strong>Con m\u00fasica, juegos y sonrisas, General Alvear celebr\u00f3 el D\u00eda de los Jardines de Infantes y de las Maestras Jardineras en una jornada cargada de emoci\u00f3n y alegr\u00eda compartida, en el Polideportivo Deportistas Alvearenses. <\/strong><\/h4>\n<p>El festejo reuni\u00f3 a jardines maternales del departamento, junto a docentes, auxiliares, familias y cientos de ni\u00f1os que disfrutaron de una ma\u00f1ana especial pensada para reconocer el trabajo y el amor que diariamente se brinda en la primera infancia.<\/p>\n<p>Acompa\u00f1aron la actividad el intendente Alejandro Molero, la delegada administrativa de la DGE, Magal\u00ed Oneschuk y el director de Educaci\u00f3n Jos\u00e9 Mor\u00e1n.<\/p>\n<p><a href=\"https:\/\/vinasfm.com\/noticias\/wp-content\/uploads\/2026\/05\/IMG-20260529-WA0037.jpg\"><img loading=\"lazy\" decoding=\"async\" class=\"alignnone size-large wp-image-160718\" src=\"https:\/\/vinasfm.com\/noticias\/wp-content\/uploads\/2026\/05\/IMG-20260529-WA0037-1024x576.jpg\" alt=\"\" width=\"1024\" height=\"576\" srcset=\"https:\/\/vinasfm.com\/noticias\/wp-content\/uploads\/2026\/05\/IMG-20260529-WA0037-1024x576.jpg 1024w, https:\/\/vinasfm.com\/noticias\/wp-content\/uploads\/2026\/05\/IMG-20260529-WA0037-300x169.jpg 300w, https:\/\/vinasfm.com\/noticias\/wp-content\/uploads\/2026\/05\/IMG-20260529-WA0037-768x432.jpg 768w, https:\/\/vinasfm.com\/noticias\/wp-content\/uploads\/2026\/05\/IMG-20260529-WA0037-1536x864.jpg 1536w, https:\/\/vinasfm.com\/noticias\/wp-content\/uploads\/2026\/05\/IMG-20260529-WA0037-1140x641.jpg 1140w, https:\/\/vinasfm.com\/noticias\/wp-content\/uploads\/2026\/05\/IMG-20260529-WA0037.jpg 1600w\" sizes=\"auto, (max-width: 1024px) 100vw, 1024px\" \/><\/a><\/p>\n<p>Durante el encuentro, el intendente destac\u00f3 la importancia que tiene la ni\u00f1ez para la gesti\u00f3n municipal y agradeci\u00f3 el compromiso de quienes forman parte de cada instituci\u00f3n educativa. \u201cHoy festejamos a nuestras se\u00f1os, a las maestras jardineras y a los jardines de infantes de nuestro departamento.<\/p>\n<p>La primera infancia es una prioridad absoluta para esta gesti\u00f3n y cada esfuerzo que realizamos est\u00e1 enfocado en acompa\u00f1ar y contener a nuestros peque\u00f1os\u201d, expres\u00f3 Molero, quien adem\u00e1s remarc\u00f3 que educar y cuidar a los ni\u00f1os es \u201cempezar a construir el futuro de todos los alvearenses\u201d.<\/p>\n<p><a href=\"https:\/\/vinasfm.com\/noticias\/wp-content\/uploads\/2026\/05\/IMG-20260529-WA0039.jpg\"><img loading=\"lazy\" decoding=\"async\" class=\"alignnone size-large wp-image-160720\" src=\"https:\/\/vinasfm.com\/noticias\/wp-content\/uploads\/2026\/05\/IMG-20260529-WA0039-1024x576.jpg\" alt=\"\" width=\"1024\" height=\"576\" srcset=\"https:\/\/vinasfm.com\/noticias\/wp-content\/uploads\/2026\/05\/IMG-20260529-WA0039-1024x576.jpg 1024w, https:\/\/vinasfm.com\/noticias\/wp-content\/uploads\/2026\/05\/IMG-20260529-WA0039-300x169.jpg 300w, https:\/\/vinasfm.com\/noticias\/wp-content\/uploads\/2026\/05\/IMG-20260529-WA0039-768x432.jpg 768w, https:\/\/vinasfm.com\/noticias\/wp-content\/uploads\/2026\/05\/IMG-20260529-WA0039-1536x864.jpg 1536w, https:\/\/vinasfm.com\/noticias\/wp-content\/uploads\/2026\/05\/IMG-20260529-WA0039-1140x641.jpg 1140w, https:\/\/vinasfm.com\/noticias\/wp-content\/uploads\/2026\/05\/IMG-20260529-WA0039.jpg 1600w\" sizes=\"auto, (max-width: 1024px) 100vw, 1024px\" \/><\/a><\/p>\n<p>Las docentes presentes tambi\u00e9n compartieron su emoci\u00f3n por formar parte de la celebraci\u00f3n, valorando el acompa\u00f1amiento permanente del municipio hacia las instituciones y destacaron el trabajo conjunto entre jardines y familias.<\/p>\n<p><a href=\"https:\/\/vinasfm.com\/noticias\/wp-content\/uploads\/2026\/05\/IMG-20260529-WA0040.jpg\"><img loading=\"lazy\" decoding=\"async\" class=\"alignnone size-large wp-image-160721\" src=\"https:\/\/vinasfm.com\/noticias\/wp-content\/uploads\/2026\/05\/IMG-20260529-WA0040-1024x576.jpg\" alt=\"\" width=\"1024\" height=\"576\" srcset=\"https:\/\/vinasfm.com\/noticias\/wp-content\/uploads\/2026\/05\/IMG-20260529-WA0040-1024x576.jpg 1024w, https:\/\/vinasfm.com\/noticias\/wp-content\/uploads\/2026\/05\/IMG-20260529-WA0040-300x169.jpg 300w, https:\/\/vinasfm.com\/noticias\/wp-content\/uploads\/2026\/05\/IMG-20260529-WA0040-768x432.jpg 768w, https:\/\/vinasfm.com\/noticias\/wp-content\/uploads\/2026\/05\/IMG-20260529-WA0040-1536x864.jpg 1536w, https:\/\/vinasfm.com\/noticias\/wp-content\/uploads\/2026\/05\/IMG-20260529-WA0040-1140x641.jpg 1140w, https:\/\/vinasfm.com\/noticias\/wp-content\/uploads\/2026\/05\/IMG-20260529-WA0040.jpg 1600w\" sizes=\"auto, (max-width: 1024px) 100vw, 1024px\" \/><\/a><\/p>\n<p>La celebraci\u00f3n dej\u00f3 en evidencia el compromiso y la vocaci\u00f3n de quienes d\u00eda a d\u00eda trabajan por la educaci\u00f3n y el cuidado de la primera infancia, reafirmando el valor de los jardines como espacios fundamentales para el crecimiento, el aprendizaje y la contenci\u00f3n de los ni\u00f1os alvearenses.<\/p>\n","protected":false},"excerpt":{"rendered":"<p>Con m\u00fasica, juegos y sonrisas, General Alvear celebr\u00f3 el D\u00eda de los Jardines de Infantes y de las Maestras Jardineras en &#8230;<\/p>\n","protected":false},"author":7,"featured_media":160719,"comment_status":"open","ping_status":"open","sticky":false,"template":"","format":"standard","meta":{"footnotes":""},"categories":[5,18],"tags":[],"class_list":["post-160717","post","type-post","status-publish","format-standard","has-post-thumbnail","hentry","category-actualidad","category-educacion"],"_links":{"self":[{"href":"https:\/\/vinasfm.com\/noticias\/wp-json\/wp\/v2\/posts\/160717","targetHints":{"allow":["GET"]}}],"collection":[{"href":"https:\/\/vinasfm.com\/noticias\/wp-json\/wp\/v2\/posts"}],"about":[{"href":"https:\/\/vinasfm.com\/noticias\/wp-json\/wp\/v2\/types\/post"}],"author":[{"embeddable":true,"href":"https:\/\/vinasfm.com\/noticias\/wp-json\/wp\/v2\/users\/7"}],"replies":[{"embeddable":true,"href":"https:\/\/vinasfm.com\/noticias\/wp-json\/wp\/v2\/comments?post=160717"}],"version-history":[{"count":1,"href":"https:\/\/vinasfm.com\/noticias\/wp-json\/wp\/v2\/posts\/160717\/revisions"}],"predecessor-version":[{"id":160722,"href":"https:\/\/vinasfm.com\/noticias\/wp-json\/wp\/v2\/posts\/160717\/revisions\/160722"}],"wp:featuredmedia":[{"embeddable":true,"href":"https:\/\/vinasfm.com\/noticias\/wp-json\/wp\/v2\/media\/160719"}],"wp:attachment":[{"href":"https:\/\/vinasfm.com\/noticias\/wp-json\/wp\/v2\/media?parent=160717"}],"wp:term":[{"taxonomy":"category","embeddable":true,"href":"https:\/\/vinasfm.com\/noticias\/wp-json\/wp\/v2\/categories?post=160717"},{"taxonomy":"post_tag","embeddable":true,"href":"https:\/\/vinasfm.com\/noticias\/wp-json\/wp\/v2\/tags?post=160717"}],"curies":[{"name":"wp","href":"https:\/\/api.w.org\/{rel}","templated":true}]}}