{"id":160709,"date":"2026-05-29T09:09:08","date_gmt":"2026-05-29T12:09:08","guid":{"rendered":"https:\/\/vinasfm.com\/noticias\/?p=160709"},"modified":"2026-05-30T09:31:16","modified_gmt":"2026-05-30T12:31:16","slug":"con-gran-exito-se-llevo-adelante-una-jornada-integral-por-la-salud-de-la-mujer-en-el-barrio-san-carlos","status":"publish","type":"post","link":"https:\/\/vinasfm.com\/noticias\/con-gran-exito-se-llevo-adelante-una-jornada-integral-por-la-salud-de-la-mujer-en-el-barrio-san-carlos\/","title":{"rendered":"CON GRAN \u00c9XITO SE LLEVO ADELANTE UNA JORNADA INTEGRAL POR LA SALUD DE LA MUJER EN EL BARRIO SAN CARLOS"},"content":{"rendered":"<h4><strong>En el marco del D\u00eda Internacional de Acci\u00f3n por la Salud de la Mujer, se realiz\u00f3 una jornada integral de atenci\u00f3n y prevenci\u00f3n en el SUM del barrio San Carlos, organizada de manera conjunta por la Municipalidad de General Alvear, el \u00c1rea Departamental de Salud y el Hospital Enfermeros Argentinos.<\/strong><\/h4>\n<p>Durante toda la jornada, las mujeres pudieron acceder de manera gratuita y sin turno previo a controles cl\u00ednicos, colocaci\u00f3n de <strong><span style=\"color: #800080;\">DIU<\/span><\/strong> e implantes, ecograf\u00edas mamarias,<strong><span style=\"color: #800080;\"> PAP<\/span><\/strong> y test de <strong><span style=\"color: #800080;\">HPV<\/span><\/strong>, electrocardiogramas, asesoramiento nutricional y consultorios vinculados a salud sexual, climaterio y bienestar integral.<\/p>\n<p><a href=\"https:\/\/vinasfm.com\/noticias\/wp-content\/uploads\/2026\/05\/IMG-20260529-WA0027.jpg\"><img loading=\"lazy\" decoding=\"async\" class=\"alignnone size-large wp-image-160715\" src=\"https:\/\/vinasfm.com\/noticias\/wp-content\/uploads\/2026\/05\/IMG-20260529-WA0027-1024x576.jpg\" alt=\"\" width=\"1024\" height=\"576\" srcset=\"https:\/\/vinasfm.com\/noticias\/wp-content\/uploads\/2026\/05\/IMG-20260529-WA0027-1024x576.jpg 1024w, https:\/\/vinasfm.com\/noticias\/wp-content\/uploads\/2026\/05\/IMG-20260529-WA0027-300x169.jpg 300w, https:\/\/vinasfm.com\/noticias\/wp-content\/uploads\/2026\/05\/IMG-20260529-WA0027-768x432.jpg 768w, https:\/\/vinasfm.com\/noticias\/wp-content\/uploads\/2026\/05\/IMG-20260529-WA0027-1536x864.jpg 1536w, https:\/\/vinasfm.com\/noticias\/wp-content\/uploads\/2026\/05\/IMG-20260529-WA0027-1140x641.jpg 1140w, https:\/\/vinasfm.com\/noticias\/wp-content\/uploads\/2026\/05\/IMG-20260529-WA0027.jpg 1600w\" sizes=\"auto, (max-width: 1024px) 100vw, 1024px\" \/><\/a><\/p>\n<p>La directora de Familias, <strong><span style=\"color: #800080;\">Gabriela Arzel\u00e1n<\/span><\/strong>, destac\u00f3 la importancia de la propuesta y se\u00f1al\u00f3:<em><strong> \u201clo m\u00e1s importante de esta jornada es reflexionar sobre el cuidado integral de la salud de la mujer, no solamente desde lo f\u00edsico, sino tambi\u00e9n desde lo emocional y psicol\u00f3gico. Estamos muy contentos por la gran convocatoria y porque las mujeres pueden acceder a distintos controles y asesoramientos\u201d<\/strong><\/em>.<\/p>\n<p>Adem\u00e1s, se brind\u00f3 acompa\u00f1amiento y asesoramiento sobre derechos, autocuidado, v\u00ednculos saludables y prevenci\u00f3n de violencias, promoviendo una mirada integral sobre la salud de la mujer.<\/p>\n<p><a href=\"https:\/\/vinasfm.com\/noticias\/wp-content\/uploads\/2026\/05\/IMG-20260529-WA0028.jpg\"><img loading=\"lazy\" decoding=\"async\" class=\"alignnone size-large wp-image-160712\" src=\"https:\/\/vinasfm.com\/noticias\/wp-content\/uploads\/2026\/05\/IMG-20260529-WA0028-1024x576.jpg\" alt=\"\" width=\"1024\" height=\"576\" srcset=\"https:\/\/vinasfm.com\/noticias\/wp-content\/uploads\/2026\/05\/IMG-20260529-WA0028-1024x576.jpg 1024w, https:\/\/vinasfm.com\/noticias\/wp-content\/uploads\/2026\/05\/IMG-20260529-WA0028-300x169.jpg 300w, https:\/\/vinasfm.com\/noticias\/wp-content\/uploads\/2026\/05\/IMG-20260529-WA0028-768x432.jpg 768w, https:\/\/vinasfm.com\/noticias\/wp-content\/uploads\/2026\/05\/IMG-20260529-WA0028-1536x864.jpg 1536w, https:\/\/vinasfm.com\/noticias\/wp-content\/uploads\/2026\/05\/IMG-20260529-WA0028-1140x641.jpg 1140w, https:\/\/vinasfm.com\/noticias\/wp-content\/uploads\/2026\/05\/IMG-20260529-WA0028.jpg 1600w\" sizes=\"auto, (max-width: 1024px) 100vw, 1024px\" \/><\/a><\/p>\n<p>Por su parte, la obstetra del \u00c1rea Departamental de Salud, <strong><span style=\"color: #800080;\">Griselda Baldoni<\/span><\/strong>, remarc\u00f3: <em><strong>\u201ces la primera vez que realizamos una jornada de 12 horas dedicada exclusivamente a la salud de la mujer\u201d<\/strong><\/em>, resaltando adem\u00e1s el trabajo conjunto entre las distintas instituciones participantes.<\/p>\n<p><a href=\"https:\/\/vinasfm.com\/noticias\/wp-content\/uploads\/2026\/05\/IMG-20260529-WA0025.jpg\"><img loading=\"lazy\" decoding=\"async\" class=\"alignnone size-large wp-image-160714\" src=\"https:\/\/vinasfm.com\/noticias\/wp-content\/uploads\/2026\/05\/IMG-20260529-WA0025-1024x576.jpg\" alt=\"\" width=\"1024\" height=\"576\" srcset=\"https:\/\/vinasfm.com\/noticias\/wp-content\/uploads\/2026\/05\/IMG-20260529-WA0025-1024x576.jpg 1024w, https:\/\/vinasfm.com\/noticias\/wp-content\/uploads\/2026\/05\/IMG-20260529-WA0025-300x169.jpg 300w, https:\/\/vinasfm.com\/noticias\/wp-content\/uploads\/2026\/05\/IMG-20260529-WA0025-768x432.jpg 768w, https:\/\/vinasfm.com\/noticias\/wp-content\/uploads\/2026\/05\/IMG-20260529-WA0025-1536x864.jpg 1536w, https:\/\/vinasfm.com\/noticias\/wp-content\/uploads\/2026\/05\/IMG-20260529-WA0025-1140x641.jpg 1140w, https:\/\/vinasfm.com\/noticias\/wp-content\/uploads\/2026\/05\/IMG-20260529-WA0025.jpg 1600w\" sizes=\"auto, (max-width: 1024px) 100vw, 1024px\" \/><\/a><\/p>\n<p>La propuesta cont\u00f3 con una importante participaci\u00f3n de vecinas de distintos puntos del departamento y desde la organizaci\u00f3n destacaron la intenci\u00f3n de replicar este tipo de acciones en otros centros de salud y distritos de General Alvear.<\/p>\n<p><a href=\"https:\/\/vinasfm.com\/noticias\/wp-content\/uploads\/2026\/05\/IMG-20260529-WA0029.jpg\"><img loading=\"lazy\" decoding=\"async\" class=\"alignnone size-large wp-image-160711\" src=\"https:\/\/vinasfm.com\/noticias\/wp-content\/uploads\/2026\/05\/IMG-20260529-WA0029-1024x576.jpg\" alt=\"\" width=\"1024\" height=\"576\" srcset=\"https:\/\/vinasfm.com\/noticias\/wp-content\/uploads\/2026\/05\/IMG-20260529-WA0029-1024x576.jpg 1024w, https:\/\/vinasfm.com\/noticias\/wp-content\/uploads\/2026\/05\/IMG-20260529-WA0029-300x169.jpg 300w, https:\/\/vinasfm.com\/noticias\/wp-content\/uploads\/2026\/05\/IMG-20260529-WA0029-768x432.jpg 768w, https:\/\/vinasfm.com\/noticias\/wp-content\/uploads\/2026\/05\/IMG-20260529-WA0029-1536x864.jpg 1536w, https:\/\/vinasfm.com\/noticias\/wp-content\/uploads\/2026\/05\/IMG-20260529-WA0029-1140x641.jpg 1140w, https:\/\/vinasfm.com\/noticias\/wp-content\/uploads\/2026\/05\/IMG-20260529-WA0029.jpg 1600w\" sizes=\"auto, (max-width: 1024px) 100vw, 1024px\" \/><\/a><\/p>\n","protected":false},"excerpt":{"rendered":"<p>En el marco del D\u00eda Internacional de Acci\u00f3n por la Salud de la Mujer, se realiz\u00f3 una jornada integral de atenci\u00f3n &#8230;<\/p>\n","protected":false},"author":7,"featured_media":160713,"comment_status":"open","ping_status":"open","sticky":false,"template":"","format":"standard","meta":{"footnotes":""},"categories":[5,15],"tags":[],"class_list":["post-160709","post","type-post","status-publish","format-standard","has-post-thumbnail","hentry","category-actualidad","category-salud"],"_links":{"self":[{"href":"https:\/\/vinasfm.com\/noticias\/wp-json\/wp\/v2\/posts\/160709","targetHints":{"allow":["GET"]}}],"collection":[{"href":"https:\/\/vinasfm.com\/noticias\/wp-json\/wp\/v2\/posts"}],"about":[{"href":"https:\/\/vinasfm.com\/noticias\/wp-json\/wp\/v2\/types\/post"}],"author":[{"embeddable":true,"href":"https:\/\/vinasfm.com\/noticias\/wp-json\/wp\/v2\/users\/7"}],"replies":[{"embeddable":true,"href":"https:\/\/vinasfm.com\/noticias\/wp-json\/wp\/v2\/comments?post=160709"}],"version-history":[{"count":2,"href":"https:\/\/vinasfm.com\/noticias\/wp-json\/wp\/v2\/posts\/160709\/revisions"}],"predecessor-version":[{"id":160716,"href":"https:\/\/vinasfm.com\/noticias\/wp-json\/wp\/v2\/posts\/160709\/revisions\/160716"}],"wp:featuredmedia":[{"embeddable":true,"href":"https:\/\/vinasfm.com\/noticias\/wp-json\/wp\/v2\/media\/160713"}],"wp:attachment":[{"href":"https:\/\/vinasfm.com\/noticias\/wp-json\/wp\/v2\/media?parent=160709"}],"wp:term":[{"taxonomy":"category","embeddable":true,"href":"https:\/\/vinasfm.com\/noticias\/wp-json\/wp\/v2\/categories?post=160709"},{"taxonomy":"post_tag","embeddable":true,"href":"https:\/\/vinasfm.com\/noticias\/wp-json\/wp\/v2\/tags?post=160709"}],"curies":[{"name":"wp","href":"https:\/\/api.w.org\/{rel}","templated":true}]}}