{"id":160697,"date":"2026-05-28T11:10:55","date_gmt":"2026-05-28T14:10:55","guid":{"rendered":"https:\/\/vinasfm.com\/noticias\/?p=160697"},"modified":"2026-05-29T10:29:28","modified_gmt":"2026-05-29T13:29:28","slug":"el-invierno-pone-en-foco-la-actualizacion-de-cultivos-y-la-situacion-de-los-frutales","status":"publish","type":"post","link":"https:\/\/vinasfm.com\/noticias\/el-invierno-pone-en-foco-la-actualizacion-de-cultivos-y-la-situacion-de-los-frutales\/","title":{"rendered":"EL INVIERNO PONE EN FOCO LA ACTUALIZACI\u00d3N DE CULTIVOS Y LA SITUACI\u00d3N DE LOS FRUTALES"},"content":{"rendered":"<h4><strong>Desde el sector agropecuario recordaron la importancia de mantener actualizado el Registro de Uso Permanente de la Tierra (RUT), documento clave para que los productores puedan acceder a beneficios vinculados a la emergencia agropecuaria y al Fondo Compensador Agr\u00edcola.<\/strong><\/h4>\n<p>En di\u00e1logo con <strong><span style=\"color: #800080;\">FM VI\u00d1AS<\/span><\/strong>, el Ingeniero <strong><span style=\"color: #800080;\">Leandro Silvestre<\/span><\/strong> abord\u00f3 la situaci\u00f3n de la producci\u00f3n forrajera:<em><strong> &#8216;el fondo compensador agr\u00edcola \u00fanicamente contempla aquellos cultivos de alfalfa destinados a producci\u00f3n de semilla con fines comerciales, los forrajes utilizados para pastoreo o consumo animal no est\u00e1n incluidos dentro de la cobertura&#8217;<\/strong><\/em>, afirm\u00f3.<\/p>\n<p>Muchos productores poseen peque\u00f1as superficies de<strong><span style=\"color: #800080;\"> alfalfa<\/span><\/strong> junto a vi\u00f1edos o frutales, por lo que en algunos casos se declara como consumo propio para evitar complicaciones al momento de tramitar la emergencia agropecuaria:<strong><em> &#8216;cuando la actividad principal es netamente forrajera, la situaci\u00f3n cambia y esos productores quedan en desventaja para acceder a los beneficios&#8217;<\/em><\/strong>, agreg\u00f3<\/p>\n<p>Tambi\u00e9n se refirio al inicio del per\u00edodo de <strong><span style=\"color: #800080;\">acumulaci\u00f3n de horas de fr\u00edo<\/span> <\/strong>para frutales: <em><strong>&#8216;el conteo comienza con la ca\u00edda de las hojas y el inicio del receso invernal, extendi\u00e9ndose hasta fines de julio o principios de agosto&#8217;<\/strong><\/em>, inform\u00f3.<\/p>\n<p>Las<strong><span style=\"color: #800080;\"> horas de fr\u00edo<\/span><\/strong> no necesariamente implican temperaturas bajo cero: <em><strong>&#8216;las temperaturas extremadamente bajas pueden incluso restar acumulaci\u00f3n&#8217;<\/strong><\/em>, en t\u00e9rminos generales, las especies frutales requieren entre 400 y 900 horas de fr\u00edo, dependiendo de la variedad.<\/p>\n<p>En el caso del ciruelo, una de las producciones representativas de la regi\u00f3n, se necesitan alrededor de 700 horas para un desarrollo adecuado.<\/p>\n","protected":false},"excerpt":{"rendered":"<p>Desde el sector agropecuario recordaron la importancia de mantener actualizado el Registro de Uso Permanente de la Tierra (RUT), documento clave &#8230;<\/p>\n","protected":false},"author":7,"featured_media":126775,"comment_status":"open","ping_status":"open","sticky":false,"template":"","format":"standard","meta":{"footnotes":""},"categories":[5,14],"tags":[],"class_list":["post-160697","post","type-post","status-publish","format-standard","has-post-thumbnail","hentry","category-actualidad","category-agro"],"_links":{"self":[{"href":"https:\/\/vinasfm.com\/noticias\/wp-json\/wp\/v2\/posts\/160697","targetHints":{"allow":["GET"]}}],"collection":[{"href":"https:\/\/vinasfm.com\/noticias\/wp-json\/wp\/v2\/posts"}],"about":[{"href":"https:\/\/vinasfm.com\/noticias\/wp-json\/wp\/v2\/types\/post"}],"author":[{"embeddable":true,"href":"https:\/\/vinasfm.com\/noticias\/wp-json\/wp\/v2\/users\/7"}],"replies":[{"embeddable":true,"href":"https:\/\/vinasfm.com\/noticias\/wp-json\/wp\/v2\/comments?post=160697"}],"version-history":[{"count":3,"href":"https:\/\/vinasfm.com\/noticias\/wp-json\/wp\/v2\/posts\/160697\/revisions"}],"predecessor-version":[{"id":160700,"href":"https:\/\/vinasfm.com\/noticias\/wp-json\/wp\/v2\/posts\/160697\/revisions\/160700"}],"wp:featuredmedia":[{"embeddable":true,"href":"https:\/\/vinasfm.com\/noticias\/wp-json\/wp\/v2\/media\/126775"}],"wp:attachment":[{"href":"https:\/\/vinasfm.com\/noticias\/wp-json\/wp\/v2\/media?parent=160697"}],"wp:term":[{"taxonomy":"category","embeddable":true,"href":"https:\/\/vinasfm.com\/noticias\/wp-json\/wp\/v2\/categories?post=160697"},{"taxonomy":"post_tag","embeddable":true,"href":"https:\/\/vinasfm.com\/noticias\/wp-json\/wp\/v2\/tags?post=160697"}],"curies":[{"name":"wp","href":"https:\/\/api.w.org\/{rel}","templated":true}]}}