{"id":160682,"date":"2026-05-28T08:44:20","date_gmt":"2026-05-28T11:44:20","guid":{"rendered":"https:\/\/vinasfm.com\/noticias\/?p=160682"},"modified":"2026-05-29T09:09:06","modified_gmt":"2026-05-29T12:09:06","slug":"general-alvear-avanza-en-un-proyecto-de-capacitaciones-laborales-con-tecnologia-aplicada","status":"publish","type":"post","link":"https:\/\/vinasfm.com\/noticias\/general-alvear-avanza-en-un-proyecto-de-capacitaciones-laborales-con-tecnologia-aplicada\/","title":{"rendered":"GENERAL ALVEAR AVANZA EN UN PROYECTO DE CAPACITACIONES LABORALES CON TECNOLOG\u00cdA APLICADA"},"content":{"rendered":"<h4><strong>El Polo Educativo de General Alvear fue sede de una reuni\u00f3n de trabajo orientada a coordinar la llegada de nuevas capacitaciones laborales vinculadas a soldadura, manejo de maquinaria pesada y formaci\u00f3n tecnol\u00f3gica mediante simuladores. <\/strong><\/h4>\n<p>La iniciativa busca ampliar las posibilidades de inserci\u00f3n laboral y fortalecer el desarrollo de oficios con demanda en la regi\u00f3n y en sectores estrat\u00e9gicos como Vaca Muerta.<\/p>\n<p>Del encuentro participaron el intendente <strong><span style=\"color: #000080;\">Alejandro Molero<\/span><\/strong>, <strong><span style=\"color: #000080;\">Andr\u00e9s Vavrik<\/span><\/strong>, representante del Ministerio de Producci\u00f3n en el sur provincial, referentes del Polo Educativo, funcionarios municipales, <strong><span style=\"color: #000080;\">Mart\u00edn Carunchio<\/span><\/strong>, director comercial de <strong><span style=\"color: #000080;\">Worklift<\/span><\/strong>, y <strong><span style=\"color: #000080;\">Rodolfo Giro<\/span><\/strong>, director de Innovaci\u00f3n de Interbrain.<\/p>\n<p>El Intendente <strong><span style=\"color: #000080;\">Alejandro Molero<\/span><\/strong> se\u00f1al\u00f3 que el objetivo es<em><strong> \u201cseguir d\u00e1ndole contenido a esta enorme infraestructura que venimos desarrollando\u201d<\/strong><\/em> y destac\u00f3 la posibilidad de generar formaci\u00f3n local en distintas especialidades. \u201c<em><strong>Estamos proyectando la llegada de capacitaciones con un enorme potencial y futuro para nuestra gente. Hablamos de formaci\u00f3n en soldaduras de alta presi\u00f3n, choferes de carga peligrosa, manejo de maquinaria pesada y muchas otras herramientas que pueden abrir oportunidades laborales\u201d<\/strong><\/em>, expres\u00f3.<\/p>\n<p>El <strong><span style=\"color: #000080;\">jefe comunal<\/span><\/strong> tambi\u00e9n remarc\u00f3 la importancia de incorporar tecnolog\u00eda aplicada al aprendizaje: <em><strong>\u201cla posibilidad de capacitarnos aqu\u00ed, en General Alvear, permite poner en valor los talentos locales y potenciar las capacidades de nuestros j\u00f3venes para que puedan insertarse en el mercado laboral o incluso desarrollarse como emprendedores\u201d<\/strong><\/em>.<\/p>\n<p>Desde <strong><span style=\"color: #000080;\">Worklift<\/span><\/strong>, Mart\u00edn Carunchio explic\u00f3 que el proyecto apunta tanto a personas sin experiencia como a trabajadores que necesiten perfeccionamiento. <em><strong>\u201cLa formaci\u00f3n genera capacidades, movimiento econ\u00f3mico y valor agregado para las comunidades. Hoy el mercado necesita operadores capacitados y creemos que estas herramientas pueden aportar mucho a la regi\u00f3n\u201d<\/strong><\/em>, indic\u00f3.<\/p>\n<p>Adem\u00e1s, sostuvo que los requisitos de inscripci\u00f3n ser\u00e1n accesibles y que las capacitaciones estar\u00e1n orientadas a distintos perfiles laborales. <em><strong>\u201cQueremos que cualquier persona pueda iniciar una formaci\u00f3n, tanto en equipos pesados como livianos. Hay una gran demanda de operadores y una de las posibilidades concretas es abastecer de mano de obra a Vaca Muerta y tambi\u00e9n a proyectos de la regi\u00f3n\u201d<\/strong><\/em>, afirm\u00f3.<\/p>\n<p>Por su parte, <strong><span style=\"color: #000080;\">Rodolfo Giro<\/span><\/strong>, de Interbrain, explic\u00f3 el funcionamiento de los simuladores que formar\u00e1n parte de la propuesta educativa. <em><strong>\u201cLas nuevas habilidades se aprenden haciendo, pero muchas veces se trata de tareas riesgosas o vinculadas a maquinaria pesada. Con los simuladores se puede practicar de manera segura y a bajo costo\u201d<\/strong><\/em>, detall\u00f3.<\/p>\n<p><strong><span style=\"color: #000080;\">Giro<\/span> <\/strong>agreg\u00f3 que el sistema permitir\u00e1 adaptar los contenidos a las necesidades de las empresas y de la industria. \u201c<em><strong>Ya contamos con simuladores relacionados con seguridad laboral, trabajos en altura y distintas operaciones t\u00e9cnicas. La idea es desarrollar nuevas herramientas en funci\u00f3n de la demanda y consolidar un centro de entrenamiento para personas de General Alvear, del sur mendocino y de otras provincias\u201d<\/strong><\/em>, concluy\u00f3.<\/p>\n","protected":false},"excerpt":{"rendered":"<p>El Polo Educativo de General Alvear fue sede de una reuni\u00f3n de trabajo orientada a coordinar la llegada de nuevas capacitaciones &#8230;<\/p>\n","protected":false},"author":7,"featured_media":160690,"comment_status":"open","ping_status":"open","sticky":false,"template":"","format":"standard","meta":{"footnotes":""},"categories":[5,10],"tags":[],"class_list":["post-160682","post","type-post","status-publish","format-standard","has-post-thumbnail","hentry","category-actualidad","category-destacadas"],"_links":{"self":[{"href":"https:\/\/vinasfm.com\/noticias\/wp-json\/wp\/v2\/posts\/160682","targetHints":{"allow":["GET"]}}],"collection":[{"href":"https:\/\/vinasfm.com\/noticias\/wp-json\/wp\/v2\/posts"}],"about":[{"href":"https:\/\/vinasfm.com\/noticias\/wp-json\/wp\/v2\/types\/post"}],"author":[{"embeddable":true,"href":"https:\/\/vinasfm.com\/noticias\/wp-json\/wp\/v2\/users\/7"}],"replies":[{"embeddable":true,"href":"https:\/\/vinasfm.com\/noticias\/wp-json\/wp\/v2\/comments?post=160682"}],"version-history":[{"count":2,"href":"https:\/\/vinasfm.com\/noticias\/wp-json\/wp\/v2\/posts\/160682\/revisions"}],"predecessor-version":[{"id":160689,"href":"https:\/\/vinasfm.com\/noticias\/wp-json\/wp\/v2\/posts\/160682\/revisions\/160689"}],"wp:featuredmedia":[{"embeddable":true,"href":"https:\/\/vinasfm.com\/noticias\/wp-json\/wp\/v2\/media\/160690"}],"wp:attachment":[{"href":"https:\/\/vinasfm.com\/noticias\/wp-json\/wp\/v2\/media?parent=160682"}],"wp:term":[{"taxonomy":"category","embeddable":true,"href":"https:\/\/vinasfm.com\/noticias\/wp-json\/wp\/v2\/categories?post=160682"},{"taxonomy":"post_tag","embeddable":true,"href":"https:\/\/vinasfm.com\/noticias\/wp-json\/wp\/v2\/tags?post=160682"}],"curies":[{"name":"wp","href":"https:\/\/api.w.org\/{rel}","templated":true}]}}