{"id":160680,"date":"2026-05-28T08:26:27","date_gmt":"2026-05-28T11:26:27","guid":{"rendered":"https:\/\/vinasfm.com\/noticias\/?p=160680"},"modified":"2026-05-29T08:53:18","modified_gmt":"2026-05-29T11:53:18","slug":"estudiantes-realizan-practicas-en-el-vivero-de-recursos-natulares","status":"publish","type":"post","link":"https:\/\/vinasfm.com\/noticias\/estudiantes-realizan-practicas-en-el-vivero-de-recursos-natulares\/","title":{"rendered":"ESTUDIANTES REALIZAN PR\u00c1CTICAS EN EL VIVERO DE RECURSOS NATULARES"},"content":{"rendered":"<h4><strong>Estudiantes de segundo a\u00f1o de la Escuela de Agricultura llevan adelante pr\u00e1cticas en el Vivero de Recursos Naturales, ubicado en calle 7 entre callej\u00f3n J y El Cha\u00f1aral. La actividad se desarrolla en el marco de un trabajo conjunto entre la Municipalidad de General Alvear, la Delegaci\u00f3n de Recursos Naturales y la instituci\u00f3n educativa.<\/strong><\/h4>\n<p>Durante la jornada, los alumnos realizaron <strong><span style=\"color: #800080;\">tareas de arranque y armado de plantas<\/span><\/strong> para su posterior entrega, adem\u00e1s de trabajos en los planteles de recr\u00eda, donde se preparan forestales que ser\u00e1n entregados a vecinos del departamento en agosto.<\/p>\n<p><a href=\"https:\/\/vinasfm.com\/noticias\/wp-content\/uploads\/2026\/05\/IMG-20260528-WA0009.jpg\"><img loading=\"lazy\" decoding=\"async\" class=\"alignnone size-large wp-image-160678\" src=\"https:\/\/vinasfm.com\/noticias\/wp-content\/uploads\/2026\/05\/IMG-20260528-WA0009-1024x682.jpg\" alt=\"\" width=\"1024\" height=\"682\" srcset=\"https:\/\/vinasfm.com\/noticias\/wp-content\/uploads\/2026\/05\/IMG-20260528-WA0009-1024x682.jpg 1024w, https:\/\/vinasfm.com\/noticias\/wp-content\/uploads\/2026\/05\/IMG-20260528-WA0009-300x200.jpg 300w, https:\/\/vinasfm.com\/noticias\/wp-content\/uploads\/2026\/05\/IMG-20260528-WA0009-768x512.jpg 768w, https:\/\/vinasfm.com\/noticias\/wp-content\/uploads\/2026\/05\/IMG-20260528-WA0009-1536x1023.jpg 1536w, https:\/\/vinasfm.com\/noticias\/wp-content\/uploads\/2026\/05\/IMG-20260528-WA0009.jpg 1600w\" sizes=\"auto, (max-width: 1024px) 100vw, 1024px\" \/><\/a><\/p>\n<p>El asesor de Gesti\u00f3n Ambiental, <strong><span style=\"color: #800080;\">Denis Rabanal<\/span><\/strong>, destac\u00f3: <em><strong>\u201ceste a\u00f1o hemos dejado canteros para que los trabajen solamente los estudiantes. As\u00ed ven el fruto de su trabajo, el crecimiento de la semilla y de las estacas que colocan\u201d<\/strong><\/em>.<\/p>\n<p><a href=\"https:\/\/vinasfm.com\/noticias\/wp-content\/uploads\/2026\/05\/IMG-20260528-WA0008.jpg\"><img loading=\"lazy\" decoding=\"async\" class=\"alignnone size-large wp-image-160677\" src=\"https:\/\/vinasfm.com\/noticias\/wp-content\/uploads\/2026\/05\/IMG-20260528-WA0008-1024x682.jpg\" alt=\"\" width=\"1024\" height=\"682\" srcset=\"https:\/\/vinasfm.com\/noticias\/wp-content\/uploads\/2026\/05\/IMG-20260528-WA0008-1024x682.jpg 1024w, https:\/\/vinasfm.com\/noticias\/wp-content\/uploads\/2026\/05\/IMG-20260528-WA0008-300x200.jpg 300w, https:\/\/vinasfm.com\/noticias\/wp-content\/uploads\/2026\/05\/IMG-20260528-WA0008-768x512.jpg 768w, https:\/\/vinasfm.com\/noticias\/wp-content\/uploads\/2026\/05\/IMG-20260528-WA0008-1536x1023.jpg 1536w, https:\/\/vinasfm.com\/noticias\/wp-content\/uploads\/2026\/05\/IMG-20260528-WA0008.jpg 1600w\" sizes=\"auto, (max-width: 1024px) 100vw, 1024px\" \/><\/a><\/p>\n<p>Por su parte, <strong><span style=\"color: #800080;\">Alfredo Reta<\/span><\/strong>, de la Delegaci\u00f3n de la Subsecretar\u00eda de Ambiente, explic\u00f3: <em><strong>\u201cla idea es que los chicos vean todo el ciclo productivo de los forestales, desde la obtenci\u00f3n de semillas hasta los ejemplares listos para entrega\u201d<\/strong><\/em>.<\/p>\n<p><a href=\"https:\/\/vinasfm.com\/noticias\/wp-content\/uploads\/2026\/05\/IMG-20260528-WA0006.jpg\"><img loading=\"lazy\" decoding=\"async\" class=\"alignnone size-large wp-image-160674\" src=\"https:\/\/vinasfm.com\/noticias\/wp-content\/uploads\/2026\/05\/IMG-20260528-WA0006-1024x682.jpg\" alt=\"\" width=\"1024\" height=\"682\" srcset=\"https:\/\/vinasfm.com\/noticias\/wp-content\/uploads\/2026\/05\/IMG-20260528-WA0006-1024x682.jpg 1024w, https:\/\/vinasfm.com\/noticias\/wp-content\/uploads\/2026\/05\/IMG-20260528-WA0006-300x200.jpg 300w, https:\/\/vinasfm.com\/noticias\/wp-content\/uploads\/2026\/05\/IMG-20260528-WA0006-768x512.jpg 768w, https:\/\/vinasfm.com\/noticias\/wp-content\/uploads\/2026\/05\/IMG-20260528-WA0006-1536x1023.jpg 1536w, https:\/\/vinasfm.com\/noticias\/wp-content\/uploads\/2026\/05\/IMG-20260528-WA0006.jpg 1600w\" sizes=\"auto, (max-width: 1024px) 100vw, 1024px\" \/><\/a><\/p>\n<p>Las pr\u00e1cticas se realizan una vez al mes junto a docentes de la instituci\u00f3n y permiten a los estudiantes adquirir experiencia de campo, mientras colaboran con las tareas que se desarrollan en el vivero forestal.<\/p>\n","protected":false},"excerpt":{"rendered":"<p>Estudiantes de segundo a\u00f1o de la Escuela de Agricultura llevan adelante pr\u00e1cticas en el Vivero de Recursos Naturales, ubicado en calle &#8230;<\/p>\n","protected":false},"author":7,"featured_media":160676,"comment_status":"open","ping_status":"open","sticky":false,"template":"","format":"standard","meta":{"footnotes":""},"categories":[5,34],"tags":[],"class_list":["post-160680","post","type-post","status-publish","format-standard","has-post-thumbnail","hentry","category-actualidad","category-medio-ambiente"],"_links":{"self":[{"href":"https:\/\/vinasfm.com\/noticias\/wp-json\/wp\/v2\/posts\/160680","targetHints":{"allow":["GET"]}}],"collection":[{"href":"https:\/\/vinasfm.com\/noticias\/wp-json\/wp\/v2\/posts"}],"about":[{"href":"https:\/\/vinasfm.com\/noticias\/wp-json\/wp\/v2\/types\/post"}],"author":[{"embeddable":true,"href":"https:\/\/vinasfm.com\/noticias\/wp-json\/wp\/v2\/users\/7"}],"replies":[{"embeddable":true,"href":"https:\/\/vinasfm.com\/noticias\/wp-json\/wp\/v2\/comments?post=160680"}],"version-history":[{"count":2,"href":"https:\/\/vinasfm.com\/noticias\/wp-json\/wp\/v2\/posts\/160680\/revisions"}],"predecessor-version":[{"id":160688,"href":"https:\/\/vinasfm.com\/noticias\/wp-json\/wp\/v2\/posts\/160680\/revisions\/160688"}],"wp:featuredmedia":[{"embeddable":true,"href":"https:\/\/vinasfm.com\/noticias\/wp-json\/wp\/v2\/media\/160676"}],"wp:attachment":[{"href":"https:\/\/vinasfm.com\/noticias\/wp-json\/wp\/v2\/media?parent=160680"}],"wp:term":[{"taxonomy":"category","embeddable":true,"href":"https:\/\/vinasfm.com\/noticias\/wp-json\/wp\/v2\/categories?post=160680"},{"taxonomy":"post_tag","embeddable":true,"href":"https:\/\/vinasfm.com\/noticias\/wp-json\/wp\/v2\/tags?post=160680"}],"curies":[{"name":"wp","href":"https:\/\/api.w.org\/{rel}","templated":true}]}}