{"id":160668,"date":"2026-05-27T12:22:46","date_gmt":"2026-05-27T15:22:46","guid":{"rendered":"https:\/\/vinasfm.com\/noticias\/?p=160668"},"modified":"2026-05-28T11:49:41","modified_gmt":"2026-05-28T14:49:41","slug":"andrea-fantinel-de-mujeres-autoconvocadas-el-pueblo-de-alvear-tiene-que-salir-a-defender-la-ley-7722","status":"publish","type":"post","link":"https:\/\/vinasfm.com\/noticias\/andrea-fantinel-de-mujeres-autoconvocadas-el-pueblo-de-alvear-tiene-que-salir-a-defender-la-ley-7722\/","title":{"rendered":"ANDREA FANTINEL DE MUJERES AUTOCONVOCADAS: &#8216;EL PUEBLO DE ALVEAR TIENE QUE SALIR A DEFENDER LA LEY 7722&#8217;"},"content":{"rendered":"<h4 data-start=\"114\" data-end=\"570\"><strong>Representantes de grupos ambientalista \u00abMujeres Autoconvocadas\u00bb de General Alvear participaron el martes en la Legislatura de Mendoza para seguir de cerca el tratamiento de la Declaraci\u00f3n de Impacto Ambiental del proyecto minero \u201cDon Luis y otro\u201d.<\/strong><\/h4>\n<p data-start=\"114\" data-end=\"570\">Finalmente fue <strong><span style=\"color: #0000ff;\">aprobada<\/span><\/strong> en el Senado provincial por amplia mayor\u00eda, desde las organizaci\u00f3n <strong><span style=\"color: #0000ff;\">cuestionaron el proceso<\/span><\/strong> legislativo, <strong><span style=\"color: #0000ff;\">denunciaron irregularidades<\/span><\/strong> y anticiparon que continuar\u00e1n presentando objeciones ante Diputados.<\/p>\n<p data-start=\"572\" data-end=\"1048\">Andrea Fantinel, integrante de Mujeres Autoconvocadas y Cultura 7722, explic\u00f3 que viaj\u00f3 junto a <strong><span style=\"color: #0000ff;\">Miguel Rodr\u00edguez<\/span><\/strong> para dialogar con senadores y presenciar la sesi\u00f3n:\u00a0<em><strong> &#8216;es un mamarracho lo ocurrido en la C\u00e1mara Alta, la principal falencia del proyecto es que se aprob\u00f3 la etapa de exploraci\u00f3n sin haberse realizado previamente la prospecci\u00f3n correspondiente, lo cual contradice lo establecido por la Ley 7722 y la legislaci\u00f3n minera nacional&#8217;<\/strong><\/em>, manifest\u00f3.<\/p>\n<p data-start=\"572\" data-end=\"1048\"><a href=\"https:\/\/vinasfm.com\/noticias\/wp-content\/uploads\/2026\/05\/Proyecto-Don-Luis-1.jpg\"><img loading=\"lazy\" decoding=\"async\" class=\"alignnone size-full wp-image-160672\" src=\"https:\/\/vinasfm.com\/noticias\/wp-content\/uploads\/2026\/05\/Proyecto-Don-Luis-1.jpg\" alt=\"\" width=\"905\" height=\"510\" srcset=\"https:\/\/vinasfm.com\/noticias\/wp-content\/uploads\/2026\/05\/Proyecto-Don-Luis-1.jpg 905w, https:\/\/vinasfm.com\/noticias\/wp-content\/uploads\/2026\/05\/Proyecto-Don-Luis-1-300x169.jpg 300w, https:\/\/vinasfm.com\/noticias\/wp-content\/uploads\/2026\/05\/Proyecto-Don-Luis-1-768x433.jpg 768w\" sizes=\"auto, (max-width: 905px) 100vw, 905px\" \/><\/a><\/p>\n<p data-start=\"1050\" data-end=\"1194\"><em><strong>&#8216;Los procesos mineros son prospecci\u00f3n, exploraci\u00f3n y explotaci\u00f3n, en este caso aprobaron la exploraci\u00f3n sin haber hecho la prospecci\u00f3n&#8217;<\/strong><\/em>, afirm\u00f3.<\/p>\n<p data-start=\"1196\" data-end=\"1459\">Adem\u00e1s se present\u00f3 un informe t\u00e9cnico de siete p\u00e1ginas elaborado durante un mes de trabajo, la votaci\u00f3n termin\u00f3 con<strong><span style=\"color: #0000ff;\"> 32 votos positivos<\/span><\/strong> y solo <strong><span style=\"color: #ff0000;\">cuatro negativos<\/span><\/strong>.<\/p>\n<p data-start=\"1461\" data-end=\"1814\">Los \u00fanicos senadores que <strong><span style=\"color: #ff0000;\">votaron en contra<\/span> <\/strong>fueron quienes recibieron y analizaron el informe presentado por las organizaciones.<\/p>\n<p data-start=\"1816\" data-end=\"2083\">Otro de los cuestionamientos estuvo centrado en la falta de estudios sectoriales vinculados a General Alvear: <em><strong>&#8216;el proyecto abarca una superficie de 234 mil hect\u00e1reas entre San Rafael y Malarg\u00fce, cuando inicialmente contemplaba solo 10 mil hect\u00e1reas<\/strong><\/em>&#8216;, agreg\u00f3.<\/p>\n<p data-start=\"2085\" data-end=\"2255\">&#8216;<em><strong>Hablan de una sola camioneta 4&#215;4 con dos operarios para una extensi\u00f3n enorme. Ni siquiera se sabe cu\u00e1ntos pozos van a hacer porque no existe prospecci\u00f3n previa&#8217;<\/strong><\/em>, se\u00f1al\u00f3.<\/p>\n<p data-start=\"2257\" data-end=\"2443\">Adem\u00e1s, advirti\u00f3 sobre un posible <strong><span style=\"color: #0000ff;\">impacto en las napas subterr\u00e1neas<\/span><\/strong> y en las cuencas h\u00eddricas de la regi\u00f3n: <em><strong>&#8216;defendemos el agua, una palabra de la que no se habl\u00f3 en el senado&#8217;<\/strong><\/em>, expres\u00f3.<\/p>\n<p data-start=\"2673\" data-end=\"3056\"><strong><span style=\"color: #0000ff;\">Andrea<\/span> <\/strong>cuestion\u00f3 el argumento del <strong><span style=\"color: #0000ff;\">\u201cprogreso\u201d<\/span><\/strong> utilizado por sectores que impulsan la miner\u00eda metal\u00edfera en la provincia: <em><strong>&#8216;mendoza es una de las provincias con m\u00e1s empresas registradas y no tiene a la miner\u00eda como principal actividad productiva, hay provincias con fuerte explotaci\u00f3n minera que siguen teniendo altos \u00edndices de pobreza y desempleo&#8217;<\/strong><\/em>, afirm\u00f3.<\/p>\n<p data-start=\"3506\" data-end=\"3593\" data-is-last-node=\"\" data-is-only-node=\"\">\n","protected":false},"excerpt":{"rendered":"<p>Representantes de grupos ambientalista \u00abMujeres Autoconvocadas\u00bb de General Alvear participaron el martes en la Legislatura de Mendoza para seguir de cerca &#8230;<\/p>\n","protected":false},"author":7,"featured_media":160671,"comment_status":"open","ping_status":"open","sticky":false,"template":"","format":"standard","meta":{"footnotes":""},"categories":[5,10],"tags":[],"class_list":["post-160668","post","type-post","status-publish","format-standard","has-post-thumbnail","hentry","category-actualidad","category-destacadas"],"_links":{"self":[{"href":"https:\/\/vinasfm.com\/noticias\/wp-json\/wp\/v2\/posts\/160668","targetHints":{"allow":["GET"]}}],"collection":[{"href":"https:\/\/vinasfm.com\/noticias\/wp-json\/wp\/v2\/posts"}],"about":[{"href":"https:\/\/vinasfm.com\/noticias\/wp-json\/wp\/v2\/types\/post"}],"author":[{"embeddable":true,"href":"https:\/\/vinasfm.com\/noticias\/wp-json\/wp\/v2\/users\/7"}],"replies":[{"embeddable":true,"href":"https:\/\/vinasfm.com\/noticias\/wp-json\/wp\/v2\/comments?post=160668"}],"version-history":[{"count":3,"href":"https:\/\/vinasfm.com\/noticias\/wp-json\/wp\/v2\/posts\/160668\/revisions"}],"predecessor-version":[{"id":160673,"href":"https:\/\/vinasfm.com\/noticias\/wp-json\/wp\/v2\/posts\/160668\/revisions\/160673"}],"wp:featuredmedia":[{"embeddable":true,"href":"https:\/\/vinasfm.com\/noticias\/wp-json\/wp\/v2\/media\/160671"}],"wp:attachment":[{"href":"https:\/\/vinasfm.com\/noticias\/wp-json\/wp\/v2\/media?parent=160668"}],"wp:term":[{"taxonomy":"category","embeddable":true,"href":"https:\/\/vinasfm.com\/noticias\/wp-json\/wp\/v2\/categories?post=160668"},{"taxonomy":"post_tag","embeddable":true,"href":"https:\/\/vinasfm.com\/noticias\/wp-json\/wp\/v2\/tags?post=160668"}],"curies":[{"name":"wp","href":"https:\/\/api.w.org\/{rel}","templated":true}]}}