{"id":160665,"date":"2026-05-27T11:37:32","date_gmt":"2026-05-27T14:37:32","guid":{"rendered":"https:\/\/vinasfm.com\/noticias\/?p=160665"},"modified":"2026-05-28T11:10:54","modified_gmt":"2026-05-28T14:10:54","slug":"general-alvear-celebra-el-dia-de-los-jardines-maternales","status":"publish","type":"post","link":"https:\/\/vinasfm.com\/noticias\/general-alvear-celebra-el-dia-de-los-jardines-maternales\/","title":{"rendered":"GENERAL ALVEAR CELEBR\u00c1 EL D\u00cdA DE LOS JARD\u00cdNES MATERNALES"},"content":{"rendered":"<h4><strong>En el marco del D\u00eda de los Jardines de Infantes y Maternales, la Direcci\u00f3n de Educaci\u00f3n de la Municipalidad de General Alvear anunci\u00f3 la realizaci\u00f3n de un gran festejo que tendr\u00e1 lugar ma\u00f1ana a partir de las 14:30 horas en el Polideportivo Municipal.<\/strong><\/h4>\n<p>El evento, pensado para agasajar a los m\u00e1s peque\u00f1os y reconocer la labor docente, espera congregar a una matr\u00edcula superior a los 500 ni\u00f1os de entre 45 d\u00edas y 3 a\u00f1os de edad, acompa\u00f1ados por sus familias.<\/p>\n<p>La jornada contar\u00e1 con diversas actividades recreativas y sorpresas dise\u00f1adas especialmente para la primera infancia.<\/p>\n","protected":false},"excerpt":{"rendered":"<p>En el marco del D\u00eda de los Jardines de Infantes y Maternales, la Direcci\u00f3n de Educaci\u00f3n de la Municipalidad de General &#8230;<\/p>\n","protected":false},"author":7,"featured_media":130337,"comment_status":"open","ping_status":"open","sticky":false,"template":"","format":"standard","meta":{"footnotes":""},"categories":[5,18],"tags":[],"class_list":["post-160665","post","type-post","status-publish","format-standard","has-post-thumbnail","hentry","category-actualidad","category-educacion"],"_links":{"self":[{"href":"https:\/\/vinasfm.com\/noticias\/wp-json\/wp\/v2\/posts\/160665","targetHints":{"allow":["GET"]}}],"collection":[{"href":"https:\/\/vinasfm.com\/noticias\/wp-json\/wp\/v2\/posts"}],"about":[{"href":"https:\/\/vinasfm.com\/noticias\/wp-json\/wp\/v2\/types\/post"}],"author":[{"embeddable":true,"href":"https:\/\/vinasfm.com\/noticias\/wp-json\/wp\/v2\/users\/7"}],"replies":[{"embeddable":true,"href":"https:\/\/vinasfm.com\/noticias\/wp-json\/wp\/v2\/comments?post=160665"}],"version-history":[{"count":1,"href":"https:\/\/vinasfm.com\/noticias\/wp-json\/wp\/v2\/posts\/160665\/revisions"}],"predecessor-version":[{"id":160666,"href":"https:\/\/vinasfm.com\/noticias\/wp-json\/wp\/v2\/posts\/160665\/revisions\/160666"}],"wp:featuredmedia":[{"embeddable":true,"href":"https:\/\/vinasfm.com\/noticias\/wp-json\/wp\/v2\/media\/130337"}],"wp:attachment":[{"href":"https:\/\/vinasfm.com\/noticias\/wp-json\/wp\/v2\/media?parent=160665"}],"wp:term":[{"taxonomy":"category","embeddable":true,"href":"https:\/\/vinasfm.com\/noticias\/wp-json\/wp\/v2\/categories?post=160665"},{"taxonomy":"post_tag","embeddable":true,"href":"https:\/\/vinasfm.com\/noticias\/wp-json\/wp\/v2\/tags?post=160665"}],"curies":[{"name":"wp","href":"https:\/\/api.w.org\/{rel}","templated":true}]}}