{"id":160623,"date":"2026-05-26T09:38:07","date_gmt":"2026-05-26T12:38:07","guid":{"rendered":"https:\/\/vinasfm.com\/noticias\/?p=160623"},"modified":"2026-05-26T11:51:15","modified_gmt":"2026-05-26T14:51:15","slug":"se-realizo-un-encuentro-de-mini-voley-en-el-polideportivo","status":"publish","type":"post","link":"https:\/\/vinasfm.com\/noticias\/se-realizo-un-encuentro-de-mini-voley-en-el-polideportivo\/","title":{"rendered":"SE REALIZ\u00d3 UN ENCUENTRO DE MINI V\u00d3LEY EN EL POLIDEPORTIVO"},"content":{"rendered":"<h4><strong>El s\u00e1bado se realiz\u00f3 un encuentro de Mini V\u00f3ley en el Polideportivo Deportistas Alvearenses, organizado por la Direcci\u00f3n de Deportes del Municipio y con la participaci\u00f3n de ni\u00f1os y ni\u00f1as de categor\u00edas premini, mini y sub 13.<\/strong><\/h4>\n<p>De la jornada participaron equipos de Bowen, Ferro, Pac\u00edfico, Instituto San Antonio, Colegio Santo Tom\u00e1s Moro y del Polideportivo, en una actividad que reuni\u00f3 a jugadores, profesores y familias para compartir una tarde de deporte, integraci\u00f3n y recreaci\u00f3n.<\/p>\n<p><a href=\"https:\/\/vinasfm.com\/noticias\/wp-content\/uploads\/2026\/05\/IMG-20260526-WA0026.jpg\"><img loading=\"lazy\" decoding=\"async\" class=\"alignnone size-large wp-image-160627\" src=\"https:\/\/vinasfm.com\/noticias\/wp-content\/uploads\/2026\/05\/IMG-20260526-WA0026-1024x575.jpg\" alt=\"\" width=\"1024\" height=\"575\" srcset=\"https:\/\/vinasfm.com\/noticias\/wp-content\/uploads\/2026\/05\/IMG-20260526-WA0026-1024x575.jpg 1024w, https:\/\/vinasfm.com\/noticias\/wp-content\/uploads\/2026\/05\/IMG-20260526-WA0026-300x168.jpg 300w, https:\/\/vinasfm.com\/noticias\/wp-content\/uploads\/2026\/05\/IMG-20260526-WA0026-768x431.jpg 768w, https:\/\/vinasfm.com\/noticias\/wp-content\/uploads\/2026\/05\/IMG-20260526-WA0026-1536x862.jpg 1536w, https:\/\/vinasfm.com\/noticias\/wp-content\/uploads\/2026\/05\/IMG-20260526-WA0026-750x420.jpg 750w, https:\/\/vinasfm.com\/noticias\/wp-content\/uploads\/2026\/05\/IMG-20260526-WA0026-1140x641.jpg 1140w, https:\/\/vinasfm.com\/noticias\/wp-content\/uploads\/2026\/05\/IMG-20260526-WA0026.jpg 1600w\" sizes=\"auto, (max-width: 1024px) 100vw, 1024px\" \/><\/a><\/p>\n<p>El encuentro permiti\u00f3 continuar fortaleciendo el v\u00f3ley formativo en General Alvear, con una importante participaci\u00f3n de ni\u00f1os en las categor\u00edas iniciales y un crecimiento sostenido de la disciplina en los distintos clubes e instituciones deportivas del departamento.<\/p>\n<p><a href=\"https:\/\/vinasfm.com\/noticias\/wp-content\/uploads\/2026\/05\/IMG-20260526-WA0024.jpg\"><img loading=\"lazy\" decoding=\"async\" class=\"alignnone size-large wp-image-160626\" src=\"https:\/\/vinasfm.com\/noticias\/wp-content\/uploads\/2026\/05\/IMG-20260526-WA0024-1024x575.jpg\" alt=\"\" width=\"1024\" height=\"575\" srcset=\"https:\/\/vinasfm.com\/noticias\/wp-content\/uploads\/2026\/05\/IMG-20260526-WA0024-1024x575.jpg 1024w, https:\/\/vinasfm.com\/noticias\/wp-content\/uploads\/2026\/05\/IMG-20260526-WA0024-300x168.jpg 300w, https:\/\/vinasfm.com\/noticias\/wp-content\/uploads\/2026\/05\/IMG-20260526-WA0024-768x431.jpg 768w, https:\/\/vinasfm.com\/noticias\/wp-content\/uploads\/2026\/05\/IMG-20260526-WA0024-1536x862.jpg 1536w, https:\/\/vinasfm.com\/noticias\/wp-content\/uploads\/2026\/05\/IMG-20260526-WA0024-750x420.jpg 750w, https:\/\/vinasfm.com\/noticias\/wp-content\/uploads\/2026\/05\/IMG-20260526-WA0024-1140x641.jpg 1140w, https:\/\/vinasfm.com\/noticias\/wp-content\/uploads\/2026\/05\/IMG-20260526-WA0024.jpg 1600w\" sizes=\"auto, (max-width: 1024px) 100vw, 1024px\" \/><\/a><\/p>\n<p>Quienes deseen sumarse a las clases de v\u00f3ley pueden acercarse al Polideportivo Deportistas Alvearenses los lunes y mi\u00e9rcoles desde las 16 horas. Tambi\u00e9n hay actividades en los distritos.<\/p>\n<p><a href=\"https:\/\/vinasfm.com\/noticias\/wp-content\/uploads\/2026\/05\/IMG-20260526-WA0027.jpg\"><img loading=\"lazy\" decoding=\"async\" class=\"alignnone size-large wp-image-160625\" src=\"https:\/\/vinasfm.com\/noticias\/wp-content\/uploads\/2026\/05\/IMG-20260526-WA0027-1024x575.jpg\" alt=\"\" width=\"1024\" height=\"575\" srcset=\"https:\/\/vinasfm.com\/noticias\/wp-content\/uploads\/2026\/05\/IMG-20260526-WA0027-1024x575.jpg 1024w, https:\/\/vinasfm.com\/noticias\/wp-content\/uploads\/2026\/05\/IMG-20260526-WA0027-300x168.jpg 300w, https:\/\/vinasfm.com\/noticias\/wp-content\/uploads\/2026\/05\/IMG-20260526-WA0027-768x431.jpg 768w, https:\/\/vinasfm.com\/noticias\/wp-content\/uploads\/2026\/05\/IMG-20260526-WA0027-1536x862.jpg 1536w, https:\/\/vinasfm.com\/noticias\/wp-content\/uploads\/2026\/05\/IMG-20260526-WA0027-750x420.jpg 750w, https:\/\/vinasfm.com\/noticias\/wp-content\/uploads\/2026\/05\/IMG-20260526-WA0027-1140x641.jpg 1140w, https:\/\/vinasfm.com\/noticias\/wp-content\/uploads\/2026\/05\/IMG-20260526-WA0027.jpg 1600w\" sizes=\"auto, (max-width: 1024px) 100vw, 1024px\" \/><\/a><\/p>\n","protected":false},"excerpt":{"rendered":"<p>El s\u00e1bado se realiz\u00f3 un encuentro de Mini V\u00f3ley en el Polideportivo Deportistas Alvearenses, organizado por la Direcci\u00f3n de Deportes del &#8230;<\/p>\n","protected":false},"author":7,"featured_media":160628,"comment_status":"open","ping_status":"open","sticky":false,"template":"","format":"standard","meta":{"footnotes":""},"categories":[5,3],"tags":[],"class_list":["post-160623","post","type-post","status-publish","format-standard","has-post-thumbnail","hentry","category-actualidad","category-deportes"],"_links":{"self":[{"href":"https:\/\/vinasfm.com\/noticias\/wp-json\/wp\/v2\/posts\/160623","targetHints":{"allow":["GET"]}}],"collection":[{"href":"https:\/\/vinasfm.com\/noticias\/wp-json\/wp\/v2\/posts"}],"about":[{"href":"https:\/\/vinasfm.com\/noticias\/wp-json\/wp\/v2\/types\/post"}],"author":[{"embeddable":true,"href":"https:\/\/vinasfm.com\/noticias\/wp-json\/wp\/v2\/users\/7"}],"replies":[{"embeddable":true,"href":"https:\/\/vinasfm.com\/noticias\/wp-json\/wp\/v2\/comments?post=160623"}],"version-history":[{"count":3,"href":"https:\/\/vinasfm.com\/noticias\/wp-json\/wp\/v2\/posts\/160623\/revisions"}],"predecessor-version":[{"id":160632,"href":"https:\/\/vinasfm.com\/noticias\/wp-json\/wp\/v2\/posts\/160623\/revisions\/160632"}],"wp:featuredmedia":[{"embeddable":true,"href":"https:\/\/vinasfm.com\/noticias\/wp-json\/wp\/v2\/media\/160628"}],"wp:attachment":[{"href":"https:\/\/vinasfm.com\/noticias\/wp-json\/wp\/v2\/media?parent=160623"}],"wp:term":[{"taxonomy":"category","embeddable":true,"href":"https:\/\/vinasfm.com\/noticias\/wp-json\/wp\/v2\/categories?post=160623"},{"taxonomy":"post_tag","embeddable":true,"href":"https:\/\/vinasfm.com\/noticias\/wp-json\/wp\/v2\/tags?post=160623"}],"curies":[{"name":"wp","href":"https:\/\/api.w.org\/{rel}","templated":true}]}}