{"id":160574,"date":"2026-05-23T11:55:16","date_gmt":"2026-05-23T14:55:16","guid":{"rendered":"https:\/\/vinasfm.com\/noticias\/?p=160574"},"modified":"2026-05-25T11:23:28","modified_gmt":"2026-05-25T14:23:28","slug":"policiales-manejaba-alcolizado-y-fue-interceptado-por-la-policia","status":"publish","type":"post","link":"https:\/\/vinasfm.com\/noticias\/policiales-manejaba-alcolizado-y-fue-interceptado-por-la-policia\/","title":{"rendered":"POLICIALES: MANEJABA ALCOLIZADO Y FUE INTERCEPTADO POR LA POLIC\u00cdA"},"content":{"rendered":"<h4><strong>Un conductor de 43 a\u00f1os fue detenido durante la madrugada de este s\u00e1bado en General Alvear tras dar positivo en un control de alcoholemia.<\/strong><\/h4>\n<p>El procedimiento se realiz\u00f3 cerca de las 04:09 en calle Emilio Civit al 256, donde personal de la Comisar\u00eda 14\u00b0 control\u00f3 un veh\u00edculo Renault cuyo conductor presentaba fuerte olor a alcohol.<\/p>\n<p>El test arroj\u00f3 1.45 gramos de alcohol por litro de sangre y se iniciaron las actuaciones correspondientes por infracci\u00f3n a la Ley 9099.<\/p>\n","protected":false},"excerpt":{"rendered":"<p>Un conductor de 43 a\u00f1os fue detenido durante la madrugada de este s\u00e1bado en General Alvear tras dar positivo en un &#8230;<\/p>\n","protected":false},"author":7,"featured_media":138665,"comment_status":"open","ping_status":"open","sticky":false,"template":"","format":"standard","meta":{"footnotes":""},"categories":[5,4],"tags":[],"class_list":["post-160574","post","type-post","status-publish","format-standard","has-post-thumbnail","hentry","category-actualidad","category-policiales"],"_links":{"self":[{"href":"https:\/\/vinasfm.com\/noticias\/wp-json\/wp\/v2\/posts\/160574","targetHints":{"allow":["GET"]}}],"collection":[{"href":"https:\/\/vinasfm.com\/noticias\/wp-json\/wp\/v2\/posts"}],"about":[{"href":"https:\/\/vinasfm.com\/noticias\/wp-json\/wp\/v2\/types\/post"}],"author":[{"embeddable":true,"href":"https:\/\/vinasfm.com\/noticias\/wp-json\/wp\/v2\/users\/7"}],"replies":[{"embeddable":true,"href":"https:\/\/vinasfm.com\/noticias\/wp-json\/wp\/v2\/comments?post=160574"}],"version-history":[{"count":1,"href":"https:\/\/vinasfm.com\/noticias\/wp-json\/wp\/v2\/posts\/160574\/revisions"}],"predecessor-version":[{"id":160575,"href":"https:\/\/vinasfm.com\/noticias\/wp-json\/wp\/v2\/posts\/160574\/revisions\/160575"}],"wp:featuredmedia":[{"embeddable":true,"href":"https:\/\/vinasfm.com\/noticias\/wp-json\/wp\/v2\/media\/138665"}],"wp:attachment":[{"href":"https:\/\/vinasfm.com\/noticias\/wp-json\/wp\/v2\/media?parent=160574"}],"wp:term":[{"taxonomy":"category","embeddable":true,"href":"https:\/\/vinasfm.com\/noticias\/wp-json\/wp\/v2\/categories?post=160574"},{"taxonomy":"post_tag","embeddable":true,"href":"https:\/\/vinasfm.com\/noticias\/wp-json\/wp\/v2\/tags?post=160574"}],"curies":[{"name":"wp","href":"https:\/\/api.w.org\/{rel}","templated":true}]}}