{"id":160540,"date":"2026-05-22T08:54:22","date_gmt":"2026-05-22T11:54:22","guid":{"rendered":"https:\/\/vinasfm.com\/noticias\/?p=160540"},"modified":"2026-05-23T10:20:33","modified_gmt":"2026-05-23T13:20:33","slug":"el-polo-educativo-sera-sede-de-una-capacitacion-gratuita-en-comunicacion-y-storytelling-visual","status":"publish","type":"post","link":"https:\/\/vinasfm.com\/noticias\/el-polo-educativo-sera-sede-de-una-capacitacion-gratuita-en-comunicacion-y-storytelling-visual\/","title":{"rendered":"EL POLO EDUCATIVO SER\u00c1 SEDE DE UNA CAPACITACI\u00d3N GRATUITA EN COMUNICACI\u00d3N Y STORYTELLING VISUAL"},"content":{"rendered":"<h4><strong>La Municipalidad de General Alvear y la Universidad Nacional de Cuyo presentaron la capacitaci\u00f3n \u201cNarrativa Estrat\u00e9gica y Storytelling Visual 360\u00b0\u201d, una propuesta gratuita destinada a trabajadores de comunicaci\u00f3n, prensa, redes, creaci\u00f3n de contenidos y p\u00fablico en general.<\/strong><\/h4>\n<p>La actividad fue presentada por el secretario de Gobierno <strong><span style=\"color: #800080;\">Fabio G\u00f3mez Parra<\/span><\/strong> y <strong><span style=\"color: #800080;\">Patricia Cereso<\/span><\/strong> de la UNCuyo, quienes explicaron que la propuesta contar\u00e1 con modalidad presencial y la instancia final ser\u00e1 virtual, con certificaci\u00f3n avalada por la UNCuyo.<\/p>\n<p>Esta capacitaci\u00f3n busca aportar herramientas vinculadas a la comunicaci\u00f3n, el contenido digital y el uso de plataformas y estar\u00e1 a cargo de la <strong><span style=\"color: #800080;\">Lic. Mar\u00eda Gabriela Balls<\/span><\/strong>, periodista y docente de la UNCuyo.<\/p>\n<p>La misma se desarrollar\u00e1 el viernes 29 de mayo de 15 a 19 horas y el s\u00e1bado 30 de mayo de 9 a 12, en el Polo Educativo Superior. Las inscripciones se realizan de manera online a trav\u00e9s del enlace:<\/p>\n<p><a href=\"https:\/\/bit.ly\/capacitacioncomunicacion\">https:\/\/bit.ly\/capacitacioncomunicacion<\/a>, tambi\u00e9n se puede solicitar informaci\u00f3n al<strong><span style=\"color: #800080;\"> 2625446431<\/span><\/strong> o dirigirse el mismo viernes y anotarse.<\/p>\n","protected":false},"excerpt":{"rendered":"<p>La Municipalidad de General Alvear y la Universidad Nacional de Cuyo presentaron la capacitaci\u00f3n \u201cNarrativa Estrat\u00e9gica y Storytelling Visual 360\u00b0\u201d, una &#8230;<\/p>\n","protected":false},"author":7,"featured_media":160543,"comment_status":"open","ping_status":"open","sticky":false,"template":"","format":"standard","meta":{"footnotes":""},"categories":[5,18],"tags":[],"class_list":["post-160540","post","type-post","status-publish","format-standard","has-post-thumbnail","hentry","category-actualidad","category-educacion"],"_links":{"self":[{"href":"https:\/\/vinasfm.com\/noticias\/wp-json\/wp\/v2\/posts\/160540","targetHints":{"allow":["GET"]}}],"collection":[{"href":"https:\/\/vinasfm.com\/noticias\/wp-json\/wp\/v2\/posts"}],"about":[{"href":"https:\/\/vinasfm.com\/noticias\/wp-json\/wp\/v2\/types\/post"}],"author":[{"embeddable":true,"href":"https:\/\/vinasfm.com\/noticias\/wp-json\/wp\/v2\/users\/7"}],"replies":[{"embeddable":true,"href":"https:\/\/vinasfm.com\/noticias\/wp-json\/wp\/v2\/comments?post=160540"}],"version-history":[{"count":2,"href":"https:\/\/vinasfm.com\/noticias\/wp-json\/wp\/v2\/posts\/160540\/revisions"}],"predecessor-version":[{"id":160542,"href":"https:\/\/vinasfm.com\/noticias\/wp-json\/wp\/v2\/posts\/160540\/revisions\/160542"}],"wp:featuredmedia":[{"embeddable":true,"href":"https:\/\/vinasfm.com\/noticias\/wp-json\/wp\/v2\/media\/160543"}],"wp:attachment":[{"href":"https:\/\/vinasfm.com\/noticias\/wp-json\/wp\/v2\/media?parent=160540"}],"wp:term":[{"taxonomy":"category","embeddable":true,"href":"https:\/\/vinasfm.com\/noticias\/wp-json\/wp\/v2\/categories?post=160540"},{"taxonomy":"post_tag","embeddable":true,"href":"https:\/\/vinasfm.com\/noticias\/wp-json\/wp\/v2\/tags?post=160540"}],"curies":[{"name":"wp","href":"https:\/\/api.w.org\/{rel}","templated":true}]}}