{"id":160526,"date":"2026-05-21T10:17:28","date_gmt":"2026-05-21T13:17:28","guid":{"rendered":"https:\/\/vinasfm.com\/noticias\/?p=160526"},"modified":"2026-05-22T10:56:34","modified_gmt":"2026-05-22T13:56:34","slug":"german-herrada-sobre-el-conflicto-gasoducto-el-proyecyo-nace-de-esta-institucion","status":"publish","type":"post","link":"https:\/\/vinasfm.com\/noticias\/german-herrada-sobre-el-conflicto-gasoducto-el-proyecyo-nace-de-esta-institucion\/","title":{"rendered":"GERM\u00c1N HERRADA SOBRE EL CONFLICTO GASODUCTO: &#8216;EL PROYECYO NACE DE ESTA INSTITUCI\u00d3N&#8217;"},"content":{"rendered":"<h4><strong>Desde la C\u00e1mara de Comercio de General Alvear remarcaron la importancia de que se concrete la puesta en marcha del gasoducto en el departamento y aseguraron que se trata de una necesidad hist\u00f3rica para vecinos, comercios e industrias del departamento.<\/strong><\/h4>\n<p><strong><span style=\"color: #800080;\">Germ\u00e1n Herrada<\/span><\/strong>, Presidente de la C\u00e1mara, destac\u00f3 que siempre se trabaj\u00f3 y se insisti\u00f3 para que la obra pudiera concretarse:<em><strong> &#8216;el proyecto del gasoducto nace de esta instituci\u00f3n, la iniciativa surgi\u00f3 hace a\u00f1os a partir de una idea impulsada por Ricardo Di Rosso junto a otras personas vinculadas&#8217;<\/strong><\/em>, se\u00f1al\u00f3.<\/p>\n<p data-start=\"624\" data-end=\"872\">En relaci\u00f3n a la<strong><span style=\"color: #800080;\"> pol\u00e9mica<\/span><\/strong> y las <strong><span style=\"color: #800080;\">diferencias entre versiones oficiales<\/span><\/strong> sobre el estado de la obra, indicaron que han mantenido conversaciones con ambos intendentes involucrados, aunque reconocieron que la informaci\u00f3n recibida no coincide:<em><strong> &#8216;ahora hay que pedir los papeles y que se muestre la documentaci\u00f3n para tener una informaci\u00f3n certera&#8217;<\/strong><\/em>, expres\u00f3.<\/p>\n<p data-start=\"624\" data-end=\"872\">Desde la entidad <strong><span style=\"color: #800080;\">insistieron<\/span><\/strong> en que lo importante es que el gasoducto pueda<strong><span style=\"color: #800080;\"> inaugurarse<\/span><\/strong> el pr\u00f3ximo <strong><span style=\"color: #800080;\">15 de junio<\/span><\/strong>, tal como se hab\u00eda prometido, para que los vecinos finalmente accedan al servicio: <em><strong>&#8216;no es bueno pasar fr\u00edo y el costo de la electricidad es de los m\u00e1s altos del pa\u00eds&#8217;<\/strong><\/em>, agreg\u00f3.<\/p>\n<p data-start=\"1757\" data-end=\"2016\">Por otra parte, se refiri\u00f3 al debate sobre la denominada <strong><span style=\"color: #800080;\">zona fr\u00eda<\/span><\/strong> y el esquema de subsidios energ\u00e9ticos: <em><strong>&#8216;hemos pedido informaci\u00f3n al Ministerio de Energ\u00eda porque nadie explica cu\u00e1l es el porcentaje real ni c\u00f3mo se financia&#8217;,<\/strong><\/em> enfatiz\u00f3, aunque reconoci\u00f3 que como ciudadanos consideran importante mantener este tipo de asistencia.<\/p>\n","protected":false},"excerpt":{"rendered":"<p>Desde la C\u00e1mara de Comercio de General Alvear remarcaron la importancia de que se concrete la puesta en marcha del gasoducto &#8230;<\/p>\n","protected":false},"author":7,"featured_media":160528,"comment_status":"open","ping_status":"open","sticky":false,"template":"","format":"standard","meta":{"footnotes":""},"categories":[5,32],"tags":[],"class_list":["post-160526","post","type-post","status-publish","format-standard","has-post-thumbnail","hentry","category-actualidad","category-camara-de-comercio"],"_links":{"self":[{"href":"https:\/\/vinasfm.com\/noticias\/wp-json\/wp\/v2\/posts\/160526","targetHints":{"allow":["GET"]}}],"collection":[{"href":"https:\/\/vinasfm.com\/noticias\/wp-json\/wp\/v2\/posts"}],"about":[{"href":"https:\/\/vinasfm.com\/noticias\/wp-json\/wp\/v2\/types\/post"}],"author":[{"embeddable":true,"href":"https:\/\/vinasfm.com\/noticias\/wp-json\/wp\/v2\/users\/7"}],"replies":[{"embeddable":true,"href":"https:\/\/vinasfm.com\/noticias\/wp-json\/wp\/v2\/comments?post=160526"}],"version-history":[{"count":2,"href":"https:\/\/vinasfm.com\/noticias\/wp-json\/wp\/v2\/posts\/160526\/revisions"}],"predecessor-version":[{"id":160532,"href":"https:\/\/vinasfm.com\/noticias\/wp-json\/wp\/v2\/posts\/160526\/revisions\/160532"}],"wp:featuredmedia":[{"embeddable":true,"href":"https:\/\/vinasfm.com\/noticias\/wp-json\/wp\/v2\/media\/160528"}],"wp:attachment":[{"href":"https:\/\/vinasfm.com\/noticias\/wp-json\/wp\/v2\/media?parent=160526"}],"wp:term":[{"taxonomy":"category","embeddable":true,"href":"https:\/\/vinasfm.com\/noticias\/wp-json\/wp\/v2\/categories?post=160526"},{"taxonomy":"post_tag","embeddable":true,"href":"https:\/\/vinasfm.com\/noticias\/wp-json\/wp\/v2\/tags?post=160526"}],"curies":[{"name":"wp","href":"https:\/\/api.w.org\/{rel}","templated":true}]}}