{"id":160504,"date":"2026-05-20T22:38:30","date_gmt":"2026-05-21T01:38:30","guid":{"rendered":"https:\/\/vinasfm.com\/noticias\/?p=160504"},"modified":"2026-05-21T11:45:58","modified_gmt":"2026-05-21T14:45:58","slug":"policiales-conducia-ebrio-y-fue-detenido","status":"publish","type":"post","link":"https:\/\/vinasfm.com\/noticias\/policiales-conducia-ebrio-y-fue-detenido\/","title":{"rendered":"POLICIALES: CONDUC\u00cdA EBRIO Y FUE DETENIDO"},"content":{"rendered":"<h4 dir=\"auto\"><strong>Un hombre de 36 a\u00f1os de edad qued\u00f3 detenido este mi\u00e9rcoles tras circular a toda velocidad y alcoholizado.<\/strong><\/h4>\n<div dir=\"auto\">El hecho tuvo lugar alrededor de las 5:30 h de la ma\u00f1ana de este mi\u00e9rcoles, durante un patrullaje preventivo, cuando personal policial detect\u00f3 un veh\u00edculo Mercedes Benz, circulando a alta velocidad por avenida Alvear Este, a la altura de Calle Silvio Tricherri.<\/div>\n<div dir=\"auto\"><\/div>\n<div dir=\"auto\">Tras interceptarlo, los efectivos constataron que el conductor presentaba signos de haber ingerido alcohol, por lo que se le realiz\u00f3 el test de alcoholemia, que arroj\u00f3 resultado positivo de 1,41 gramos de alcohol por litro de sangre.<\/div>\n<div dir=\"auto\"><\/div>\n<div dir=\"auto\">Como consecuencia, se procedi\u00f3 al secuestro del veh\u00edculo, un Mercedes Benz color negro, intervino la autoridad contravencional correspondiente.<\/div>\n","protected":false},"excerpt":{"rendered":"<p>Un hombre de 36 a\u00f1os de edad qued\u00f3 detenido este mi\u00e9rcoles tras circular a toda velocidad y alcoholizado. El hecho tuvo &#8230;<\/p>\n","protected":false},"author":7,"featured_media":138755,"comment_status":"open","ping_status":"open","sticky":false,"template":"","format":"standard","meta":{"footnotes":""},"categories":[5,4],"tags":[],"class_list":["post-160504","post","type-post","status-publish","format-standard","has-post-thumbnail","hentry","category-actualidad","category-policiales"],"_links":{"self":[{"href":"https:\/\/vinasfm.com\/noticias\/wp-json\/wp\/v2\/posts\/160504","targetHints":{"allow":["GET"]}}],"collection":[{"href":"https:\/\/vinasfm.com\/noticias\/wp-json\/wp\/v2\/posts"}],"about":[{"href":"https:\/\/vinasfm.com\/noticias\/wp-json\/wp\/v2\/types\/post"}],"author":[{"embeddable":true,"href":"https:\/\/vinasfm.com\/noticias\/wp-json\/wp\/v2\/users\/7"}],"replies":[{"embeddable":true,"href":"https:\/\/vinasfm.com\/noticias\/wp-json\/wp\/v2\/comments?post=160504"}],"version-history":[{"count":2,"href":"https:\/\/vinasfm.com\/noticias\/wp-json\/wp\/v2\/posts\/160504\/revisions"}],"predecessor-version":[{"id":160506,"href":"https:\/\/vinasfm.com\/noticias\/wp-json\/wp\/v2\/posts\/160504\/revisions\/160506"}],"wp:featuredmedia":[{"embeddable":true,"href":"https:\/\/vinasfm.com\/noticias\/wp-json\/wp\/v2\/media\/138755"}],"wp:attachment":[{"href":"https:\/\/vinasfm.com\/noticias\/wp-json\/wp\/v2\/media?parent=160504"}],"wp:term":[{"taxonomy":"category","embeddable":true,"href":"https:\/\/vinasfm.com\/noticias\/wp-json\/wp\/v2\/categories?post=160504"},{"taxonomy":"post_tag","embeddable":true,"href":"https:\/\/vinasfm.com\/noticias\/wp-json\/wp\/v2\/tags?post=160504"}],"curies":[{"name":"wp","href":"https:\/\/api.w.org\/{rel}","templated":true}]}}