{"id":160495,"date":"2026-05-20T11:43:11","date_gmt":"2026-05-20T14:43:11","guid":{"rendered":"https:\/\/vinasfm.com\/noticias\/?p=160495"},"modified":"2026-05-21T10:38:55","modified_gmt":"2026-05-21T13:38:55","slug":"la-huerta-en-tu-escuela-trabaja-en-conjunto-con-el-centro-de-salud-mental-infato-juvenil-para-acompanar-procesos-terapeuticos","status":"publish","type":"post","link":"https:\/\/vinasfm.com\/noticias\/la-huerta-en-tu-escuela-trabaja-en-conjunto-con-el-centro-de-salud-mental-infato-juvenil-para-acompanar-procesos-terapeuticos\/","title":{"rendered":"\u00abLA HUERTA EN TU ESCUELA\u00bb TRABAJA EN CONJUNTO CON EL CENTRO DE SALUD MENTAL INFATO-JUVENIL PARA ACOMPA\u00d1AR PROCESOS TERAP\u00c9UTICOS"},"content":{"rendered":"<div class=\"qMYqUG_convSearchResultHighlightRoot\">\n<div class=\"\" data-turn-id-container=\"request-WEB:37006c4f-0401-4830-8ea9-e2cbee5c5d70-3\" data-is-intersecting=\"true\">\n<section class=\"text-token-text-primary w-full focus:outline-none has-data-writing-block:pointer-events-none [&amp;:has([data-writing-block])&gt;*]:pointer-events-auto R6Vx5W_threadScrollVars scroll-mb-[calc(var(--scroll-root-safe-area-inset-bottom,0px)+var(--thread-response-height))] scroll-mt-[calc(var(--header-height)+min(200px,max(70px,20svh)))]\" dir=\"auto\" data-turn-id=\"request-WEB:37006c4f-0401-4830-8ea9-e2cbee5c5d70-3\" data-turn-id-container=\"request-WEB:37006c4f-0401-4830-8ea9-e2cbee5c5d70-3\" data-testid=\"conversation-turn-8\" data-scroll-anchor=\"false\" data-turn=\"assistant\">\n<div class=\"text-base my-auto mx-auto pb-10 [--thread-content-margin:var(--thread-content-margin-xs,calc(var(--spacing)*4))] @w-sm\/main:[--thread-content-margin:var(--thread-content-margin-sm,calc(var(--spacing)*6))] @w-lg\/main:[--thread-content-margin:var(--thread-content-margin-lg,calc(var(--spacing)*16))] px-(--thread-content-margin)\">\n<div class=\"[--thread-content-max-width:40rem] @w-lg\/main:[--thread-content-max-width:48rem] mx-auto max-w-(--thread-content-max-width) flex-1 group\/turn-messages focus-visible:outline-hidden relative flex w-full min-w-0 flex-col agent-turn\">\n<div class=\"flex max-w-full flex-col gap-4 grow\">\n<div class=\"min-h-8 text-message relative flex w-full flex-col items-end gap-2 text-start break-words whitespace-normal outline-none keyboard-focused:focus-ring [.text-message+&amp;]:mt-1\" dir=\"auto\" tabindex=\"0\" data-message-author-role=\"assistant\" data-message-id=\"2b9f3fc8-eac7-489f-a97c-3ef4f1ed528c\" data-message-model-slug=\"gpt-5-5\" data-turn-start-message=\"true\">\n<div class=\"flex w-full flex-col gap-1 empty:hidden\">\n<div class=\"markdown prose dark:prose-invert wrap-break-word w-full light markdown-new-styling\">\n<h4 data-start=\"89\" data-end=\"414\"><strong>El Centro de Salud Mental Infanto-Juvenil contin\u00faa desarrollando un proyecto de huerta terap\u00e9utica junto al programa \u201cLa Huerta en Tu Escuela\u201d, impulsado desde la Asesor\u00eda de Gesti\u00f3n Ambiental, con el objetivo de promover h\u00e1bitos saludables y acompa\u00f1ar los procesos terap\u00e9uticos de ni\u00f1os y ni\u00f1as que asisten a la instituci\u00f3n.<\/strong><\/h4>\n<p data-start=\"416\" data-end=\"622\">Desde el \u00e1rea explicaron que la <strong><span style=\"color: #339966;\">iniciativa<\/span><\/strong> comenz\u00f3 el <strong><span style=\"color: #339966;\">a\u00f1o pasado<\/span><\/strong> y se extendi\u00f3 no solo a establecimientos educativos, sino tambi\u00e9n a <strong><span style=\"color: #339966;\">merenderos<\/span><\/strong>,<strong><span style=\"color: #339966;\"> hogares de adultos mayores<\/span><\/strong> y distintos espacios comunitarios: <em><strong>&#8216;trabajar la tierra no solamente sirve para producir alimentos sanos, sino tambi\u00e9n para generar calma interna y conectar con la naturaleza&#8217;<\/strong><\/em>, se\u00f1al\u00f3 <strong><span style=\"color: #339966;\">Denis Rabanal<\/span><\/strong> desde <strong><span style=\"color: #339966;\">Gesti\u00f3n Ambiental<\/span><\/strong> remarcando que este tipo de actividades resultan fundamentales para personas que atraviesan problem\u00e1ticas vinculadas a la salud mental.<\/p>\n<p data-start=\"937\" data-end=\"1180\">El acompa\u00f1amiento incluye<strong><span style=\"color: #339966;\"> capacitaciones sobre armado y mantenimiento de huertas<\/span><\/strong>, <strong><span style=\"color: #339966;\">producci\u00f3n de alimentos<\/span><\/strong> y <strong><span style=\"color: #339966;\">compostaje<\/span><\/strong>, mientras que luego las profesionales del centro trabajan espec\u00edficamente con los ni\u00f1os y adolescentes que asisten al lugar.<\/p>\n<p data-start=\"1182\" data-end=\"1487\">Por su parte, <strong><span style=\"color: #339966;\">Nadia Gonz\u00e1lez<\/span><\/strong> nutricionista y <strong><span style=\"color: #339966;\">Brunella Lagui<\/span><\/strong> psic\u00f3loga, integrantes del equipo profesional, explicaron que la huerta se transform\u00f3 en un <strong><span style=\"color: #339966;\">objetivo terap\u00e9utico<\/span><\/strong> desde septiembre del a\u00f1o pasado y actualmente tambi\u00e9n forma parte de un nuevo proyecto denominado <strong><span style=\"color: #339966;\">\u00abAlimentaci\u00f3n en entornos saludables\u00bb<\/span><\/strong> desarrollado junto a jardines maternales municipales.<\/p>\n<p data-start=\"1489\" data-end=\"1678\">La propuesta busca que los ni\u00f1os conozcan de <strong><span style=\"color: #339966;\">d\u00f3nde provienen los alimentos<\/span><\/strong>, aprendan sobre <strong><span style=\"color: #339966;\">alimentaci\u00f3n saludable<\/span><\/strong> y participen activamente del <strong><span style=\"color: #339966;\">cuidado y producci\u00f3n de verduras y hortalizas<\/span><\/strong>:<em><strong> &#8216;las cosechas luego son utilizadas para realizar recetas que los chicos pueden compartir en sus hogares, favoreciendo as\u00ed una mejor aceptaci\u00f3n de distintos alimentos y promoviendo h\u00e1bitos alimenticios m\u00e1s saludables&#8217;<\/strong><\/em>, agregaron las profesionales.<\/p>\n<p data-start=\"1920\" data-end=\"2157\">Desde el equipo psicol\u00f3gico resaltaron tambi\u00e9n los<strong><span style=\"color: #339966;\"> beneficios emocionales y terap\u00e9uticos<\/span><\/strong> de la actividad: <em><strong>&#8216;el contacto con la tierra funciona como un tranquilizante natural, los chicos conectan con el aqu\u00ed y ahora y logran dejar de lado por un momento las preocupaciones cotidianas&#8217;<\/strong><\/em>, destacaron.<\/p>\n<p data-start=\"2350\" data-end=\"2644\" data-is-last-node=\"\" data-is-only-node=\"\">\n<\/div>\n<\/div>\n<\/div>\n<\/div>\n<div class=\"z-0 flex min-h-[46px] justify-start\"><\/div>\n<div class=\"mt-3 w-full empty:hidden\">\n<div class=\"text-center\"><\/div>\n<\/div>\n<\/div>\n<\/div>\n<\/section>\n<\/div>\n<\/div>\n<div class=\"pointer-events-none -mt-px h-px translate-y-[calc(var(--scroll-root-safe-area-inset-bottom)-14*var(--spacing))]\" aria-hidden=\"true\"><\/div>\n","protected":false},"excerpt":{"rendered":"<p>El Centro de Salud Mental Infanto-Juvenil contin\u00faa desarrollando un proyecto de huerta terap\u00e9utica junto al programa \u201cLa Huerta en Tu Escuela\u201d, &#8230;<\/p>\n","protected":false},"author":7,"featured_media":160500,"comment_status":"open","ping_status":"open","sticky":false,"template":"","format":"standard","meta":{"footnotes":""},"categories":[5,18],"tags":[],"class_list":["post-160495","post","type-post","status-publish","format-standard","has-post-thumbnail","hentry","category-actualidad","category-educacion"],"_links":{"self":[{"href":"https:\/\/vinasfm.com\/noticias\/wp-json\/wp\/v2\/posts\/160495","targetHints":{"allow":["GET"]}}],"collection":[{"href":"https:\/\/vinasfm.com\/noticias\/wp-json\/wp\/v2\/posts"}],"about":[{"href":"https:\/\/vinasfm.com\/noticias\/wp-json\/wp\/v2\/types\/post"}],"author":[{"embeddable":true,"href":"https:\/\/vinasfm.com\/noticias\/wp-json\/wp\/v2\/users\/7"}],"replies":[{"embeddable":true,"href":"https:\/\/vinasfm.com\/noticias\/wp-json\/wp\/v2\/comments?post=160495"}],"version-history":[{"count":2,"href":"https:\/\/vinasfm.com\/noticias\/wp-json\/wp\/v2\/posts\/160495\/revisions"}],"predecessor-version":[{"id":160501,"href":"https:\/\/vinasfm.com\/noticias\/wp-json\/wp\/v2\/posts\/160495\/revisions\/160501"}],"wp:featuredmedia":[{"embeddable":true,"href":"https:\/\/vinasfm.com\/noticias\/wp-json\/wp\/v2\/media\/160500"}],"wp:attachment":[{"href":"https:\/\/vinasfm.com\/noticias\/wp-json\/wp\/v2\/media?parent=160495"}],"wp:term":[{"taxonomy":"category","embeddable":true,"href":"https:\/\/vinasfm.com\/noticias\/wp-json\/wp\/v2\/categories?post=160495"},{"taxonomy":"post_tag","embeddable":true,"href":"https:\/\/vinasfm.com\/noticias\/wp-json\/wp\/v2\/tags?post=160495"}],"curies":[{"name":"wp","href":"https:\/\/api.w.org\/{rel}","templated":true}]}}