{"id":160486,"date":"2026-05-20T09:34:57","date_gmt":"2026-05-20T12:34:57","guid":{"rendered":"https:\/\/vinasfm.com\/noticias\/?p=160486"},"modified":"2026-05-21T09:02:51","modified_gmt":"2026-05-21T12:02:51","slug":"cornejo-promulgo-la-reforma-de-la-constitucion-que-consagra-las-autonomias-municipales","status":"publish","type":"post","link":"https:\/\/vinasfm.com\/noticias\/cornejo-promulgo-la-reforma-de-la-constitucion-que-consagra-las-autonomias-municipales\/","title":{"rendered":"CORNEJO PROMULG\u00d3 LA REFORMA DE LA CONSTITUCI\u00d3N QUE POSIBILITARIA LAS AUTONOM\u00cdAS MUNICIPALES"},"content":{"rendered":"<h4><strong>El Gobierno de Mendoza, a trav\u00e9s de un decreto firmado por Alfredo Cornejo, promulg\u00f3 la Ley 9709 que establece la autonom\u00eda municipal en Mendoza. Esta iniciativa modifica el art\u00edculo 197 de la Constituci\u00f3n y adapta el r\u00e9gimen municipal a lo establecido por el art\u00edculo 123 de la Constituci\u00f3n Nacional.<\/strong><\/h4>\n<p>\u00abEs un paso necesario para seguir fortaleciendo la institucionalidad de Mendoza\u00bb, manifest\u00f3 el gobernador de la provincia. El pr\u00f3ximo paso ser\u00e1 la votaci\u00f3n popular en un refer\u00e9ndum en las pr\u00f3ximas elecciones provinciales para avalar o rechazar la reforma.<\/p>\n<p>A trav\u00e9s de una votaci\u00f3n en las pr\u00f3ximas elecciones, la ciudadan\u00eda decidir\u00e1 si finalmente se da paso o no a consagrar las autonom\u00edas municipales, tal como establece la Constituci\u00f3n Nacional tras la\u00a0<strong>reforma<\/strong>\u00a0de 1994, con la nueva redacci\u00f3n del art\u00edculo 197.<\/p>\n<p>La enmienda promovida dispone entre otros puntos, que los municipios \u00abpodr\u00e1n dictar sus respectivas Cartas Org\u00e1nicas Municipales, no pudiendo apartarse de los principios, competencias y limitaciones establecidos en el Art\u00edculo 199 de la presente Constituci\u00f3n\u201d. Adem\u00e1s, los municipios que no dicten su propia Carta Org\u00e1nica, seguir\u00e1 rigiendo la Ley Org\u00e1nica de Municipalidades.<\/p>\n<p id=\"p-1779274174547-62979\">\u00abLa enmienda da mayor previsibilidad al funcionamiento de los municipios, consolidando su autonom\u00eda de acuerdo a lo establecido por la Constituci\u00f3n Nacional. Entendimos que era necesario avanzar y lo hicimos con responsabilidad\u00bb, manifest\u00f3 Cornejo. Y agreg\u00f3: \u00abHace m\u00e1s de una d\u00e9cada venimos construyendo un camino basado en reglas claras, transparencia y responsabilidad en la administraci\u00f3n de los recursos p\u00fablicos. Ese es el camino que sostenemos\u00bb.<\/p>\n<h2 id=\"p-1779275400384-28612\">Qu\u00e9 alcance tiene la autonom\u00eda municipal<\/h2>\n<p id=\"p-1779273648871-29879\">La enmienda constitucional fue aprobada por amplia mayor\u00eda en la Legislatura. El proyecto cont\u00f3 con el respaldo de m\u00e1s de los dos tercios de los diputados y de los senadores provinciales.<\/p>\n<p id=\"p-1778091308011-53377\">El proyecto habilita a los municipios a dictar sus propias Cartas Org\u00e1nicas mediante convenciones convocadas a tal fin, respetando los procedimientos establecidos para la reforma constitucional. En aquellos casos en que no se avance en este sentido, continuar\u00e1 vigente la Ley Org\u00e1nica de Municipalidades.<\/p>\n<p id=\"p-1778091308011-62109\">Adem\u00e1s, se incorpora de manera expresa la garant\u00eda de participaci\u00f3n de los municipios en el r\u00e9gimen de coparticipaci\u00f3n provincial, consolidando este esquema dentro del texto constitucional.<\/p>\n<p id=\"p-1778091308011-1103\">En los fundamentos de la iniciativa se destaca que la reforma no implica una mera modificaci\u00f3n formal, sino la adecuaci\u00f3n del derecho p\u00fablico provincial a los lineamientos de la Constituci\u00f3n Nacional.<\/p>\n","protected":false},"excerpt":{"rendered":"<p>El Gobierno de Mendoza, a trav\u00e9s de un decreto firmado por Alfredo Cornejo, promulg\u00f3 la Ley 9709 que establece la autonom\u00eda &#8230;<\/p>\n","protected":false},"author":7,"featured_media":160487,"comment_status":"open","ping_status":"open","sticky":false,"template":"","format":"standard","meta":{"footnotes":""},"categories":[5,7],"tags":[],"class_list":["post-160486","post","type-post","status-publish","format-standard","has-post-thumbnail","hentry","category-actualidad","category-politica"],"_links":{"self":[{"href":"https:\/\/vinasfm.com\/noticias\/wp-json\/wp\/v2\/posts\/160486","targetHints":{"allow":["GET"]}}],"collection":[{"href":"https:\/\/vinasfm.com\/noticias\/wp-json\/wp\/v2\/posts"}],"about":[{"href":"https:\/\/vinasfm.com\/noticias\/wp-json\/wp\/v2\/types\/post"}],"author":[{"embeddable":true,"href":"https:\/\/vinasfm.com\/noticias\/wp-json\/wp\/v2\/users\/7"}],"replies":[{"embeddable":true,"href":"https:\/\/vinasfm.com\/noticias\/wp-json\/wp\/v2\/comments?post=160486"}],"version-history":[{"count":2,"href":"https:\/\/vinasfm.com\/noticias\/wp-json\/wp\/v2\/posts\/160486\/revisions"}],"predecessor-version":[{"id":160491,"href":"https:\/\/vinasfm.com\/noticias\/wp-json\/wp\/v2\/posts\/160486\/revisions\/160491"}],"wp:featuredmedia":[{"embeddable":true,"href":"https:\/\/vinasfm.com\/noticias\/wp-json\/wp\/v2\/media\/160487"}],"wp:attachment":[{"href":"https:\/\/vinasfm.com\/noticias\/wp-json\/wp\/v2\/media?parent=160486"}],"wp:term":[{"taxonomy":"category","embeddable":true,"href":"https:\/\/vinasfm.com\/noticias\/wp-json\/wp\/v2\/categories?post=160486"},{"taxonomy":"post_tag","embeddable":true,"href":"https:\/\/vinasfm.com\/noticias\/wp-json\/wp\/v2\/tags?post=160486"}],"curies":[{"name":"wp","href":"https:\/\/api.w.org\/{rel}","templated":true}]}}