{"id":160481,"date":"2026-05-20T09:23:49","date_gmt":"2026-05-20T12:23:49","guid":{"rendered":"https:\/\/vinasfm.com\/noticias\/?p=160481"},"modified":"2026-05-21T08:57:14","modified_gmt":"2026-05-21T11:57:14","slug":"comenzo-el-curso-gratuito-de-auxiliar-en-construccion-en-seco","status":"publish","type":"post","link":"https:\/\/vinasfm.com\/noticias\/comenzo-el-curso-gratuito-de-auxiliar-en-construccion-en-seco\/","title":{"rendered":"COMENZ\u00d3 EL CURSO GRATUITO DE AUXILIAR EN CONSTRUCCI\u00d3N EN SECO"},"content":{"rendered":"<h4><strong>Este martes, en la Direcci\u00f3n de Educaci\u00f3n de General Alvear, inici\u00f3 el curso gratuito de \u201cAuxiliar en Construcci\u00f3n en Seco\u201d, una capacitaci\u00f3n con certificaci\u00f3n oficial y homologaci\u00f3n nacional que se desarrolla mediante un convenio entre la Municipalidad de General Alvear y la Direcci\u00f3n de Educaci\u00f3n T\u00e9cnica y Trabajo de la Provincia.<\/strong><\/h4>\n<p>La propuesta tuvo una gran convocatoria, por lo que se conformaron dos grupos de m\u00e1s de 50 alumnos cada uno, con participantes de General Alvear y tambi\u00e9n de distritos vecinos de San Rafael.<\/p>\n<p><a href=\"https:\/\/vinasfm.com\/noticias\/wp-content\/uploads\/2026\/05\/Contruccion-en-seco-2.jpeg\"><img loading=\"lazy\" decoding=\"async\" class=\"alignnone size-large wp-image-160483\" src=\"https:\/\/vinasfm.com\/noticias\/wp-content\/uploads\/2026\/05\/Contruccion-en-seco-2-1024x575.jpeg\" alt=\"\" width=\"1024\" height=\"575\" srcset=\"https:\/\/vinasfm.com\/noticias\/wp-content\/uploads\/2026\/05\/Contruccion-en-seco-2-1024x575.jpeg 1024w, https:\/\/vinasfm.com\/noticias\/wp-content\/uploads\/2026\/05\/Contruccion-en-seco-2-300x168.jpeg 300w, https:\/\/vinasfm.com\/noticias\/wp-content\/uploads\/2026\/05\/Contruccion-en-seco-2-768x431.jpeg 768w, https:\/\/vinasfm.com\/noticias\/wp-content\/uploads\/2026\/05\/Contruccion-en-seco-2-1536x862.jpeg 1536w, https:\/\/vinasfm.com\/noticias\/wp-content\/uploads\/2026\/05\/Contruccion-en-seco-2-750x420.jpeg 750w, https:\/\/vinasfm.com\/noticias\/wp-content\/uploads\/2026\/05\/Contruccion-en-seco-2-1140x641.jpeg 1140w, https:\/\/vinasfm.com\/noticias\/wp-content\/uploads\/2026\/05\/Contruccion-en-seco-2.jpeg 1600w\" sizes=\"auto, (max-width: 1024px) 100vw, 1024px\" \/><\/a><\/p>\n<p>Durante los pr\u00f3ximos tres meses, los asistentes recibir\u00e1n formaci\u00f3n te\u00f3rica y pr\u00e1ctica sobre sistemas de construcci\u00f3n en seco, utilizaci\u00f3n de materiales, armado de estructuras, lectura de planos, confecci\u00f3n de presupuestos y manejo de herramientas espec\u00edficas.<\/p>\n<p><a href=\"https:\/\/vinasfm.com\/noticias\/wp-content\/uploads\/2026\/05\/Contruccion-en-Seco-1.jpeg\"><img loading=\"lazy\" decoding=\"async\" class=\"alignnone size-large wp-image-160482\" src=\"https:\/\/vinasfm.com\/noticias\/wp-content\/uploads\/2026\/05\/Contruccion-en-Seco-1-1024x575.jpeg\" alt=\"\" width=\"1024\" height=\"575\" srcset=\"https:\/\/vinasfm.com\/noticias\/wp-content\/uploads\/2026\/05\/Contruccion-en-Seco-1-1024x575.jpeg 1024w, https:\/\/vinasfm.com\/noticias\/wp-content\/uploads\/2026\/05\/Contruccion-en-Seco-1-300x168.jpeg 300w, https:\/\/vinasfm.com\/noticias\/wp-content\/uploads\/2026\/05\/Contruccion-en-Seco-1-768x431.jpeg 768w, https:\/\/vinasfm.com\/noticias\/wp-content\/uploads\/2026\/05\/Contruccion-en-Seco-1-1536x862.jpeg 1536w, https:\/\/vinasfm.com\/noticias\/wp-content\/uploads\/2026\/05\/Contruccion-en-Seco-1-750x420.jpeg 750w, https:\/\/vinasfm.com\/noticias\/wp-content\/uploads\/2026\/05\/Contruccion-en-Seco-1-1140x641.jpeg 1140w, https:\/\/vinasfm.com\/noticias\/wp-content\/uploads\/2026\/05\/Contruccion-en-Seco-1.jpeg 1600w\" sizes=\"auto, (max-width: 1024px) 100vw, 1024px\" \/><\/a><\/p>\n<p>El curso est\u00e1 destinado a p\u00fablico en general, con el objetivo de fortalecer la capacitaci\u00f3n en oficios y generar nuevas oportunidades laborales para los vecinos del departamento.<\/p>\n","protected":false},"excerpt":{"rendered":"<p>Este martes, en la Direcci\u00f3n de Educaci\u00f3n de General Alvear, inici\u00f3 el curso gratuito de \u201cAuxiliar en Construcci\u00f3n en Seco\u201d, una &#8230;<\/p>\n","protected":false},"author":7,"featured_media":160484,"comment_status":"open","ping_status":"open","sticky":false,"template":"","format":"standard","meta":{"footnotes":""},"categories":[5,18],"tags":[],"class_list":["post-160481","post","type-post","status-publish","format-standard","has-post-thumbnail","hentry","category-actualidad","category-educacion"],"_links":{"self":[{"href":"https:\/\/vinasfm.com\/noticias\/wp-json\/wp\/v2\/posts\/160481","targetHints":{"allow":["GET"]}}],"collection":[{"href":"https:\/\/vinasfm.com\/noticias\/wp-json\/wp\/v2\/posts"}],"about":[{"href":"https:\/\/vinasfm.com\/noticias\/wp-json\/wp\/v2\/types\/post"}],"author":[{"embeddable":true,"href":"https:\/\/vinasfm.com\/noticias\/wp-json\/wp\/v2\/users\/7"}],"replies":[{"embeddable":true,"href":"https:\/\/vinasfm.com\/noticias\/wp-json\/wp\/v2\/comments?post=160481"}],"version-history":[{"count":1,"href":"https:\/\/vinasfm.com\/noticias\/wp-json\/wp\/v2\/posts\/160481\/revisions"}],"predecessor-version":[{"id":160485,"href":"https:\/\/vinasfm.com\/noticias\/wp-json\/wp\/v2\/posts\/160481\/revisions\/160485"}],"wp:featuredmedia":[{"embeddable":true,"href":"https:\/\/vinasfm.com\/noticias\/wp-json\/wp\/v2\/media\/160484"}],"wp:attachment":[{"href":"https:\/\/vinasfm.com\/noticias\/wp-json\/wp\/v2\/media?parent=160481"}],"wp:term":[{"taxonomy":"category","embeddable":true,"href":"https:\/\/vinasfm.com\/noticias\/wp-json\/wp\/v2\/categories?post=160481"},{"taxonomy":"post_tag","embeddable":true,"href":"https:\/\/vinasfm.com\/noticias\/wp-json\/wp\/v2\/tags?post=160481"}],"curies":[{"name":"wp","href":"https:\/\/api.w.org\/{rel}","templated":true}]}}