{"id":160401,"date":"2026-05-16T11:10:28","date_gmt":"2026-05-16T14:10:28","guid":{"rendered":"https:\/\/vinasfm.com\/noticias\/?p=160401"},"modified":"2026-05-18T11:21:06","modified_gmt":"2026-05-18T14:21:06","slug":"defensa-civil-realizo-un-simulacro-de-sismo-en-la-escuela-juan-xxiii-de-alvear-oeste","status":"publish","type":"post","link":"https:\/\/vinasfm.com\/noticias\/defensa-civil-realizo-un-simulacro-de-sismo-en-la-escuela-juan-xxiii-de-alvear-oeste\/","title":{"rendered":"DEFENSA CIVIL REALIZ\u00d3 UN SIMULACRO DE SISMO EN LA ESCUELA JUAN XXIII DE ALVEAR OESTE"},"content":{"rendered":"<h4><strong>En el marco del cronograma de simulacros de sismo, establecidos por el calendario escolar de la Direcci\u00f3n General de Escuelas, la comunidad educativa de la Escuela Juan XXIII N\u00b0 1-537 llev\u00f3 adelante una jornada de prevenci\u00f3n y capacitaci\u00f3n junto al equipo de Defensa Civil. Estas acciones se desarrollan mensualmente en todos los niveles y modalidades escolares de la provincia.<\/strong><\/h4>\n<p>Durante el recorrido se revisaron instalaciones, patios y sectores interiores, as\u00ed como las medidas preventivas vigentes, entre ellas extintores, sistemas de cierre de gas y zonas seguras dentro y fuera del establecimiento.<\/p>\n<p>Posteriormente, se realiz\u00f3 el simulacro de sismo con la participaci\u00f3n activa de estudiantes, docentes y personal de la instituci\u00f3n.<\/p>\n<p>La delegada de la DGE, <strong><span style=\"color: #800080;\">Magal\u00ed Oneschuk<\/span><\/strong>, explic\u00f3: <em><strong>\u201cse est\u00e1 trabajando no solamente en el tema sismo, sino tambi\u00e9n en distintas tem\u00e1ticas o situaciones emergentes que se pueden dar en las instituciones<\/strong><\/em>\u201d.<\/p>\n<p>Por su parte, el director de Defensa Civil, <strong><span style=\"color: #800080;\">Adolfo Balverde<\/span><\/strong>, se\u00f1al\u00f3:<em><strong> \u201ctratamos de hacer un trabajo en conjunto y darle una devoluci\u00f3n de las cosas que en este simulacro se han hecho bien y las que se han hecho mal, para que el pr\u00f3ximo corrijan las cosas que se han hecho mal\u201d<\/strong><\/em>.<\/p>\n<p>La jornada concluy\u00f3 con una charla de repaso sobre los pasos a seguir ante este tipo de emergencias, reforzando conocimientos y pr\u00e1cticas preventivas dentro del \u00e1mbito escolar.<\/p>\n","protected":false},"excerpt":{"rendered":"<p>En el marco del cronograma de simulacros de sismo, establecidos por el calendario escolar de la Direcci\u00f3n General de Escuelas, la &#8230;<\/p>\n","protected":false},"author":7,"featured_media":160402,"comment_status":"open","ping_status":"open","sticky":false,"template":"","format":"standard","meta":{"footnotes":""},"categories":[5,51],"tags":[],"class_list":["post-160401","post","type-post","status-publish","format-standard","has-post-thumbnail","hentry","category-actualidad","category-defensa-civil"],"_links":{"self":[{"href":"https:\/\/vinasfm.com\/noticias\/wp-json\/wp\/v2\/posts\/160401","targetHints":{"allow":["GET"]}}],"collection":[{"href":"https:\/\/vinasfm.com\/noticias\/wp-json\/wp\/v2\/posts"}],"about":[{"href":"https:\/\/vinasfm.com\/noticias\/wp-json\/wp\/v2\/types\/post"}],"author":[{"embeddable":true,"href":"https:\/\/vinasfm.com\/noticias\/wp-json\/wp\/v2\/users\/7"}],"replies":[{"embeddable":true,"href":"https:\/\/vinasfm.com\/noticias\/wp-json\/wp\/v2\/comments?post=160401"}],"version-history":[{"count":1,"href":"https:\/\/vinasfm.com\/noticias\/wp-json\/wp\/v2\/posts\/160401\/revisions"}],"predecessor-version":[{"id":160403,"href":"https:\/\/vinasfm.com\/noticias\/wp-json\/wp\/v2\/posts\/160401\/revisions\/160403"}],"wp:featuredmedia":[{"embeddable":true,"href":"https:\/\/vinasfm.com\/noticias\/wp-json\/wp\/v2\/media\/160402"}],"wp:attachment":[{"href":"https:\/\/vinasfm.com\/noticias\/wp-json\/wp\/v2\/media?parent=160401"}],"wp:term":[{"taxonomy":"category","embeddable":true,"href":"https:\/\/vinasfm.com\/noticias\/wp-json\/wp\/v2\/categories?post=160401"},{"taxonomy":"post_tag","embeddable":true,"href":"https:\/\/vinasfm.com\/noticias\/wp-json\/wp\/v2\/tags?post=160401"}],"curies":[{"name":"wp","href":"https:\/\/api.w.org\/{rel}","templated":true}]}}