{"id":160373,"date":"2026-05-15T09:48:21","date_gmt":"2026-05-15T12:48:21","guid":{"rendered":"https:\/\/vinasfm.com\/noticias\/?p=160373"},"modified":"2026-05-18T09:28:31","modified_gmt":"2026-05-18T12:28:31","slug":"novedades-en-el-aero-club-de-nuestro-departamento-presentaron-una-nueva-aeronave","status":"publish","type":"post","link":"https:\/\/vinasfm.com\/noticias\/novedades-en-el-aero-club-de-nuestro-departamento-presentaron-una-nueva-aeronave\/","title":{"rendered":"NOVEDADES EN EL AERO CLUB DE NUESTRO DEPARTAMENTO: PRESENTARON UNA NUEVA AERONAVE"},"content":{"rendered":"<h4><strong>La presidenta del Aero Club, Anal\u00eda Garc\u00eda, indic\u00f3 que se presentar\u00e1 este domingo a las 16:30 una nueva aeronave destinada a la escuela de vuelo.\u00a0<\/strong><\/h4>\n<p>Adem\u00e1s, destac\u00f3 la importancia de esta incorporaci\u00f3n para la instituci\u00f3n e invit\u00f3 a la comunidad a participar de la presentaci\u00f3n oficial que se realizar\u00e1 en las instalaciones del Aeroclub.<\/p>\n<p>Se trata de un avi\u00f3n modelo Cessna 150, una aeronave ampliamente utilizada para instrucci\u00f3n y formaci\u00f3n de pilotos debido a sus caracter\u00edsticas de maniobrabilidad, seguridad y bajo costo operativo.<\/p>\n<p>&nbsp;<\/p>\n","protected":false},"excerpt":{"rendered":"<p>La presidenta del Aero Club, Anal\u00eda Garc\u00eda, indic\u00f3 que se presentar\u00e1 este domingo a las 16:30 una nueva aeronave destinada a &#8230;<\/p>\n","protected":false},"author":7,"featured_media":160375,"comment_status":"open","ping_status":"open","sticky":false,"template":"","format":"standard","meta":{"footnotes":""},"categories":[5,10],"tags":[],"class_list":["post-160373","post","type-post","status-publish","format-standard","has-post-thumbnail","hentry","category-actualidad","category-destacadas"],"_links":{"self":[{"href":"https:\/\/vinasfm.com\/noticias\/wp-json\/wp\/v2\/posts\/160373","targetHints":{"allow":["GET"]}}],"collection":[{"href":"https:\/\/vinasfm.com\/noticias\/wp-json\/wp\/v2\/posts"}],"about":[{"href":"https:\/\/vinasfm.com\/noticias\/wp-json\/wp\/v2\/types\/post"}],"author":[{"embeddable":true,"href":"https:\/\/vinasfm.com\/noticias\/wp-json\/wp\/v2\/users\/7"}],"replies":[{"embeddable":true,"href":"https:\/\/vinasfm.com\/noticias\/wp-json\/wp\/v2\/comments?post=160373"}],"version-history":[{"count":1,"href":"https:\/\/vinasfm.com\/noticias\/wp-json\/wp\/v2\/posts\/160373\/revisions"}],"predecessor-version":[{"id":160374,"href":"https:\/\/vinasfm.com\/noticias\/wp-json\/wp\/v2\/posts\/160373\/revisions\/160374"}],"wp:featuredmedia":[{"embeddable":true,"href":"https:\/\/vinasfm.com\/noticias\/wp-json\/wp\/v2\/media\/160375"}],"wp:attachment":[{"href":"https:\/\/vinasfm.com\/noticias\/wp-json\/wp\/v2\/media?parent=160373"}],"wp:term":[{"taxonomy":"category","embeddable":true,"href":"https:\/\/vinasfm.com\/noticias\/wp-json\/wp\/v2\/categories?post=160373"},{"taxonomy":"post_tag","embeddable":true,"href":"https:\/\/vinasfm.com\/noticias\/wp-json\/wp\/v2\/tags?post=160373"}],"curies":[{"name":"wp","href":"https:\/\/api.w.org\/{rel}","templated":true}]}}