{"id":160338,"date":"2026-05-14T09:33:41","date_gmt":"2026-05-14T12:33:41","guid":{"rendered":"https:\/\/vinasfm.com\/noticias\/?p=160338"},"modified":"2026-05-15T08:54:03","modified_gmt":"2026-05-15T11:54:03","slug":"real-del-padre-le-robaron-la-cartera-a-una-mujer-en-plena-via-publica","status":"publish","type":"post","link":"https:\/\/vinasfm.com\/noticias\/real-del-padre-le-robaron-la-cartera-a-una-mujer-en-plena-via-publica\/","title":{"rendered":"REAL DEL PADRE: LE ROBARON LA CARTERA A UNA MUJER EN PLENA V\u00cdA P\u00daBLICA"},"content":{"rendered":"<h4><strong>Una mujer de 68 a\u00f1os fue v\u00edctima de un hurto en la localidad de Real del Padre, cuando caminaba por la intersecci\u00f3n de calles Santiago del Estero y Tierra del Fuego.<\/strong><\/h4>\n<p>Seg\u00fan la informaci\u00f3n oficial, la v\u00edctima identificada como <strong><span style=\"color: #800080;\">M. L. P<\/span><\/strong>. fue sorprendida por un sujeto que le arrebat\u00f3 una cartera de color negro y luego se dio a la fuga.<\/p>\n<p>En el interior de la cartera llevaba documentaci\u00f3n personal, un tel\u00e9fono celular marca Samsung y una suma de 40 mil pesos en efectivo.<\/p>\n<p>Por el hecho intervino la Oficina Fiscal de la jurisdicci\u00f3n, que lleva adelante la investigaci\u00f3n correspondiente.<\/p>\n","protected":false},"excerpt":{"rendered":"<p>Una mujer de 68 a\u00f1os fue v\u00edctima de un hurto en la localidad de Real del Padre, cuando caminaba por la &#8230;<\/p>\n","protected":false},"author":7,"featured_media":154351,"comment_status":"open","ping_status":"open","sticky":false,"template":"","format":"standard","meta":{"footnotes":""},"categories":[5,4],"tags":[],"class_list":["post-160338","post","type-post","status-publish","format-standard","has-post-thumbnail","hentry","category-actualidad","category-policiales"],"_links":{"self":[{"href":"https:\/\/vinasfm.com\/noticias\/wp-json\/wp\/v2\/posts\/160338","targetHints":{"allow":["GET"]}}],"collection":[{"href":"https:\/\/vinasfm.com\/noticias\/wp-json\/wp\/v2\/posts"}],"about":[{"href":"https:\/\/vinasfm.com\/noticias\/wp-json\/wp\/v2\/types\/post"}],"author":[{"embeddable":true,"href":"https:\/\/vinasfm.com\/noticias\/wp-json\/wp\/v2\/users\/7"}],"replies":[{"embeddable":true,"href":"https:\/\/vinasfm.com\/noticias\/wp-json\/wp\/v2\/comments?post=160338"}],"version-history":[{"count":1,"href":"https:\/\/vinasfm.com\/noticias\/wp-json\/wp\/v2\/posts\/160338\/revisions"}],"predecessor-version":[{"id":160339,"href":"https:\/\/vinasfm.com\/noticias\/wp-json\/wp\/v2\/posts\/160338\/revisions\/160339"}],"wp:featuredmedia":[{"embeddable":true,"href":"https:\/\/vinasfm.com\/noticias\/wp-json\/wp\/v2\/media\/154351"}],"wp:attachment":[{"href":"https:\/\/vinasfm.com\/noticias\/wp-json\/wp\/v2\/media?parent=160338"}],"wp:term":[{"taxonomy":"category","embeddable":true,"href":"https:\/\/vinasfm.com\/noticias\/wp-json\/wp\/v2\/categories?post=160338"},{"taxonomy":"post_tag","embeddable":true,"href":"https:\/\/vinasfm.com\/noticias\/wp-json\/wp\/v2\/tags?post=160338"}],"curies":[{"name":"wp","href":"https:\/\/api.w.org\/{rel}","templated":true}]}}