{"id":160312,"date":"2026-05-13T08:54:43","date_gmt":"2026-05-13T11:54:43","guid":{"rendered":"https:\/\/vinasfm.com\/noticias\/?p=160312"},"modified":"2026-05-14T09:33:39","modified_gmt":"2026-05-14T12:33:39","slug":"el-trapal-recibira-una-nueva-fecha-del-campeonato-alvearense-de-mountain-bike","status":"publish","type":"post","link":"https:\/\/vinasfm.com\/noticias\/el-trapal-recibira-una-nueva-fecha-del-campeonato-alvearense-de-mountain-bike\/","title":{"rendered":"EL TRAPAL RECIBIR\u00c1 UNA NUEVA FECHA DEL CAMPEONATO ALVEARENSE DE MOUNTAIN BIKE"},"content":{"rendered":"<h4><strong>La tercera edici\u00f3n del campeonato alvearense de MTB arranca este domingo 17 de mayo en la reserva El Trapal, con un circuito de 9.350 metros y participaci\u00f3n de ciclistas de distintas categor\u00edas y edades.<\/strong><\/h4>\n<p>Desde la <strong><span style=\"color: #800080;\">Direcci\u00f3n de Deportes de la Municipalidad de General Alvear<\/span><\/strong> ultiman detalles para una jornada que volver\u00e1 a reunir a corredores locales y visitantes en uno de los espacios naturales del departamento.<\/p>\n<p>El director de Deportes, <strong><span style=\"color: #800080;\">Alberto G\u00f3mez<\/span><\/strong>, explic\u00f3 que el trazado fue preparado especialmente para esta competencia y destac\u00f3 el crecimiento que ha tenido la propuesta en cada edici\u00f3n.<em><strong> \u201cHemos trabajado mucho en este circuito. Vamos a tener un gran n\u00famero de corredores y un recorrido muy entretenido de 9.350 metros\u201d<\/strong><\/em>, se\u00f1al\u00f3.<\/p>\n<p>Adem\u00e1s, remarc\u00f3 que el campeonato est\u00e1 pensado para todas las edades.<em><strong> \u201cLa carrera est\u00e1 dise\u00f1ada desde ni\u00f1os de 3 a\u00f1os hasta las categor\u00edas mayores, siempre respetando las divisiones que establece la federaci\u00f3n\u201d<\/strong><\/em>, indic\u00f3 el funcionario.<\/p>\n<p>En cuanto a las acreditaciones, este a\u00f1o habr\u00e1 dos instancias. Los competidores locales podr\u00e1n registrarse el s\u00e1bado, de 15 a 19 horas, en el Informador Tur\u00edstico. En tanto, quienes lleguen desde otros puntos podr\u00e1n hacerlo el domingo desde las 9 en El Trapal.<\/p>\n<p>La <strong><span style=\"color: #800080;\">actividad deportiva<\/span> <\/strong>se dividir\u00e1 en tres mangas. A las 10 comenzar\u00e1n las categor\u00edas infantiles, destinadas a participantes de entre 3 y 12 a\u00f1os. Luego, desde las 11.30 aproximadamente, competir\u00e1n las divisiones promocionales de damas y caballeros. Finalmente, a partir de las 14, ser\u00e1 el turno de las categor\u00edas competitivas masculinas.<\/p>\n<p><strong><span style=\"color: #800080;\">G\u00f3mez<\/span><\/strong> tambi\u00e9n explic\u00f3 que la premiaci\u00f3n de los m\u00e1s peque\u00f1os se realizar\u00e1 inmediatamente despu\u00e9s de cada prueba. <em><strong>\u201cQueremos evitar que los chicos permanezcan mucho tiempo expuestos al fr\u00edo y preservar su salud. Compiten y enseguida reciben sus premios\u201d<\/strong><\/em>, afirm\u00f3. La entrega de reconocimientos para el resto de las divisiones se concretar\u00e1 al finalizar la \u00faltima manga.<\/p>\n","protected":false},"excerpt":{"rendered":"<p>La tercera edici\u00f3n del campeonato alvearense de MTB arranca este domingo 17 de mayo en la reserva El Trapal, con un &#8230;<\/p>\n","protected":false},"author":7,"featured_media":99515,"comment_status":"open","ping_status":"open","sticky":false,"template":"","format":"standard","meta":{"footnotes":""},"categories":[5,3],"tags":[],"class_list":["post-160312","post","type-post","status-publish","format-standard","has-post-thumbnail","hentry","category-actualidad","category-deportes"],"_links":{"self":[{"href":"https:\/\/vinasfm.com\/noticias\/wp-json\/wp\/v2\/posts\/160312","targetHints":{"allow":["GET"]}}],"collection":[{"href":"https:\/\/vinasfm.com\/noticias\/wp-json\/wp\/v2\/posts"}],"about":[{"href":"https:\/\/vinasfm.com\/noticias\/wp-json\/wp\/v2\/types\/post"}],"author":[{"embeddable":true,"href":"https:\/\/vinasfm.com\/noticias\/wp-json\/wp\/v2\/users\/7"}],"replies":[{"embeddable":true,"href":"https:\/\/vinasfm.com\/noticias\/wp-json\/wp\/v2\/comments?post=160312"}],"version-history":[{"count":1,"href":"https:\/\/vinasfm.com\/noticias\/wp-json\/wp\/v2\/posts\/160312\/revisions"}],"predecessor-version":[{"id":160313,"href":"https:\/\/vinasfm.com\/noticias\/wp-json\/wp\/v2\/posts\/160312\/revisions\/160313"}],"wp:featuredmedia":[{"embeddable":true,"href":"https:\/\/vinasfm.com\/noticias\/wp-json\/wp\/v2\/media\/99515"}],"wp:attachment":[{"href":"https:\/\/vinasfm.com\/noticias\/wp-json\/wp\/v2\/media?parent=160312"}],"wp:term":[{"taxonomy":"category","embeddable":true,"href":"https:\/\/vinasfm.com\/noticias\/wp-json\/wp\/v2\/categories?post=160312"},{"taxonomy":"post_tag","embeddable":true,"href":"https:\/\/vinasfm.com\/noticias\/wp-json\/wp\/v2\/tags?post=160312"}],"curies":[{"name":"wp","href":"https:\/\/api.w.org\/{rel}","templated":true}]}}