{"id":160260,"date":"2026-05-10T22:14:55","date_gmt":"2026-05-11T01:14:55","guid":{"rendered":"https:\/\/vinasfm.com\/noticias\/?p=160260"},"modified":"2026-05-12T09:43:04","modified_gmt":"2026-05-12T12:43:04","slug":"rodolfo-vargas-arizu-sobre-el-potencial-olivicola-de-mendoza-es-una-actividad-que-supo-liderar-a-nivel-nacional","status":"publish","type":"post","link":"https:\/\/vinasfm.com\/noticias\/rodolfo-vargas-arizu-sobre-el-potencial-olivicola-de-mendoza-es-una-actividad-que-supo-liderar-a-nivel-nacional\/","title":{"rendered":"RODOLFO VARGAS ARIZU SOBRE EL POTENCIAL OLIV\u00cdCOLA DE MENDOZA: &#8216;ES UNA ACTIVIDAD QUE SUPO LIDERAR A NIVEL NACIONAL&#8217;"},"content":{"rendered":"<h4><strong>El ministro de Producci\u00f3n de Mendoza, Rodolfo Vargas Arizu, se refiri\u00f3 a la situaci\u00f3n actual de la olivicultura en la provincia y asegur\u00f3 que Mendoza debe recuperar protagonismo en esta actividad.<\/strong><\/h4>\n<p>Durante su visita al sur mendocino, el funcionario explic\u00f3 en di\u00e1logo con <span style=\"color: #339966;\"><strong>FM VI\u00d1AS<\/strong><\/span> que el <strong><span style=\"color: #339966;\">sector oliv\u00edcola<\/span><\/strong> sufri\u00f3 un fuerte impacto a ra\u00edz de la <strong><span style=\"color: #339966;\">promoci\u00f3n industrial<\/span><\/strong> aplicada en otras provincias, situaci\u00f3n que<strong><span style=\"color: #339966;\"> favoreci\u00f3 el crecimiento<\/span><\/strong> de regiones como <strong><span style=\"color: #339966;\">San Juan<\/span><\/strong>, <strong><span style=\"color: #339966;\">Catamarca<\/span><\/strong> y <strong><span style=\"color: #339966;\">La Rioja<\/span><\/strong>:<em><strong> &#8216;Mendoza era n\u00famero uno y ahora somos n\u00famero cuatro&#8217;<\/strong><\/em>, expres\u00f3.<\/p>\n<p>El <strong><span style=\"color: #339966;\">aceite de oliva europe<\/span><span style=\"color: #339966;\">o<\/span><\/strong> compite con importantes subsidios otorgados por la <strong><span style=\"color: #339966;\">Uni\u00f3n Europea<\/span><\/strong>, aunque\u00a0 existe un panorama favorable a futuro para la actividad: &#8216;<em><strong>hay m\u00e1s consumo que producci\u00f3n y el futuro es bueno, pero hay que invertir mucho&#8217;<\/strong><\/em>, sostuvo.<\/p>\n<p>Una plantaci\u00f3n oliv\u00edcola requiere alrededor de ocho a\u00f1os para alcanzar una producci\u00f3n econ\u00f3micamente rentable.<\/p>\n<p>El ministro destac\u00f3 tambi\u00e9n las<strong><span style=\"color: #339966;\"> condiciones naturales<\/span><\/strong> de Mendoza para el desarrollo de la olivicultura, especialmente por las caracter\u00edsticas clim\u00e1ticas de la provincia: <em><strong>&#8216;el mejor lugar para la olivicultura es Mendoza, porque es una zona fr\u00eda y eso mejora la calidad del aceite&#8217;<\/strong><\/em>, indic\u00f3.<\/p>\n<p>Por otra parte, remarc\u00f3 el <strong><span style=\"color: #339966;\">potencial ganadero e h\u00eddrico<\/span><\/strong> del sur provincial, haciendo referencia en la producci\u00f3n bajo riego y el desarrollo de pasturas y ma\u00edz en General Alvear y San Rafael.<\/p>\n<p>En relaci\u00f3n con los peque\u00f1os productores, <strong><span style=\"color: #339966;\">Vargas Arizu<\/span><\/strong> sostuvo que el acompa\u00f1amiento estatal debe orientarse principalmente al <strong><span style=\"color: #339966;\">financiamiento<\/span><\/strong>, <strong><span style=\"color: #339966;\">asesoramiento<\/span><\/strong> y <strong><span style=\"color: #339966;\">reconversi\u00f3n productiva<\/span><\/strong>, descartando la pol\u00edtica de subsidios directos:<em><strong> &#8216;no es la forma de ayudar a nadie por subsidio, sino orient\u00e1ndolo y ayud\u00e1ndolo a reconvertirse cuando un cultivo no funciona&#8217;<\/strong><\/em>, afirm\u00f3.<\/p>\n","protected":false},"excerpt":{"rendered":"<p>El ministro de Producci\u00f3n de Mendoza, Rodolfo Vargas Arizu, se refiri\u00f3 a la situaci\u00f3n actual de la olivicultura en la provincia &#8230;<\/p>\n","protected":false},"author":7,"featured_media":160262,"comment_status":"open","ping_status":"open","sticky":false,"template":"","format":"standard","meta":{"footnotes":""},"categories":[5,14],"tags":[],"class_list":["post-160260","post","type-post","status-publish","format-standard","has-post-thumbnail","hentry","category-actualidad","category-agro"],"_links":{"self":[{"href":"https:\/\/vinasfm.com\/noticias\/wp-json\/wp\/v2\/posts\/160260","targetHints":{"allow":["GET"]}}],"collection":[{"href":"https:\/\/vinasfm.com\/noticias\/wp-json\/wp\/v2\/posts"}],"about":[{"href":"https:\/\/vinasfm.com\/noticias\/wp-json\/wp\/v2\/types\/post"}],"author":[{"embeddable":true,"href":"https:\/\/vinasfm.com\/noticias\/wp-json\/wp\/v2\/users\/7"}],"replies":[{"embeddable":true,"href":"https:\/\/vinasfm.com\/noticias\/wp-json\/wp\/v2\/comments?post=160260"}],"version-history":[{"count":2,"href":"https:\/\/vinasfm.com\/noticias\/wp-json\/wp\/v2\/posts\/160260\/revisions"}],"predecessor-version":[{"id":160265,"href":"https:\/\/vinasfm.com\/noticias\/wp-json\/wp\/v2\/posts\/160260\/revisions\/160265"}],"wp:featuredmedia":[{"embeddable":true,"href":"https:\/\/vinasfm.com\/noticias\/wp-json\/wp\/v2\/media\/160262"}],"wp:attachment":[{"href":"https:\/\/vinasfm.com\/noticias\/wp-json\/wp\/v2\/media?parent=160260"}],"wp:term":[{"taxonomy":"category","embeddable":true,"href":"https:\/\/vinasfm.com\/noticias\/wp-json\/wp\/v2\/categories?post=160260"},{"taxonomy":"post_tag","embeddable":true,"href":"https:\/\/vinasfm.com\/noticias\/wp-json\/wp\/v2\/tags?post=160260"}],"curies":[{"name":"wp","href":"https:\/\/api.w.org\/{rel}","templated":true}]}}