{"id":160176,"date":"2026-05-09T09:42:54","date_gmt":"2026-05-09T12:42:54","guid":{"rendered":"https:\/\/vinasfm.com\/noticias\/?p=160176"},"modified":"2026-05-09T13:10:54","modified_gmt":"2026-05-09T16:10:54","slug":"cornejo-inauguro-en-general-alvear-una-nueva-base-de-drones-de-la-policia-de-mendoza","status":"publish","type":"post","link":"https:\/\/vinasfm.com\/noticias\/cornejo-inauguro-en-general-alvear-una-nueva-base-de-drones-de-la-policia-de-mendoza\/","title":{"rendered":"CORNEJO INAUGUR\u00d3 EN GENERAL ALVEAR UNA NUEVA BASE DE DRONES DE LA POLIC\u00cdA DE MENDOZA"},"content":{"rendered":"<h4 class=\"wp-block-heading\"><strong>La sede se suma a la delegaci\u00f3n que ya funciona en San Rafael y permitir\u00e1 reforzar patrullajes preventivos, b\u00fasquedas, operativos y tareas investigativas en todo el Sur provincial.<\/strong><\/h4>\n<p>El Gobernador Alfredo Cornejo, acompa\u00f1ado por la vicegobernadora, Hebe casado; la ministra de Seguridad y Justicia Mercedes Rus, y el intendente de General Alvear, Alejandro Molero, inauguraron una nueva base operativa de la Unidad VANT de la Polic\u00eda de Mendoza, el \u00e1rea especializada en patrullaje a\u00e9reo con drones aplicada a tareas de prevenci\u00f3n, b\u00fasqueda, rescate, investigaciones y apoyo a operativos judiciales.<\/p>\n<p>La nueva delegaci\u00f3n funcionar\u00e1 en el edificio de la Jefatura Departamental y Comisar\u00eda 14 de General Alvear y se integrar\u00e1 al sistema de vigilancia a\u00e9rea que la Polic\u00eda de Mendoza despliega en distintos puntos de la provincia.<\/p>\n<p>Durante el acto, Cornejo destac\u00f3 el trabajo conjunto entre Provincia y Municipio para fortalecer la seguridad p\u00fablica mediante inversi\u00f3n tecnol\u00f3gica y modernizaci\u00f3n operativa. De esta manera, explic\u00f3 que \u201ccuando vimos el funcionamiento del centro de monitoreo de General Alvear, qued\u00f3 claro el enorme trabajo complementario que se est\u00e1 haciendo entre el municipio y el Ministerio de Seguridad\u201d, y explic\u00f3 que los municipios no tienen una competencia directa en materia de seguridad, \u201cpero ser\u00eda imposible desentenderse de una de las principales preocupaciones de la ciudadan\u00eda\u201d.<\/p>\n<p><a href=\"https:\/\/vinasfm.com\/noticias\/wp-content\/uploads\/2026\/05\/SAK03498-980x654-1.jpg\"><img loading=\"lazy\" decoding=\"async\" class=\"alignnone size-full wp-image-160179\" src=\"https:\/\/vinasfm.com\/noticias\/wp-content\/uploads\/2026\/05\/SAK03498-980x654-1.jpg\" alt=\"\" width=\"980\" height=\"654\" srcset=\"https:\/\/vinasfm.com\/noticias\/wp-content\/uploads\/2026\/05\/SAK03498-980x654-1.jpg 980w, https:\/\/vinasfm.com\/noticias\/wp-content\/uploads\/2026\/05\/SAK03498-980x654-1-300x200.jpg 300w, https:\/\/vinasfm.com\/noticias\/wp-content\/uploads\/2026\/05\/SAK03498-980x654-1-768x513.jpg 768w\" sizes=\"auto, (max-width: 980px) 100vw, 980px\" \/><\/a><\/p>\n<p>El mandatario provincial remarc\u00f3 adem\u00e1s la importancia de incorporar tecnolog\u00eda para anticiparse al delito y mejorar la capacidad de respuesta del sistema de seguridad. Asegur\u00f3 que el plan de seguridad de Mendoza tiene como eje la tecnolog\u00eda, la videovigilancia y la capacidad de anticipaci\u00f3n. \u201cM\u00e1s c\u00e1maras, m\u00e1s centros de monitoreo, mejores sistemas de identificaci\u00f3n y herramientas como estos drones permiten actuar con mayor rapidez y tambi\u00e9n aportar pruebas concretas a la Justicia\u201d, afirm\u00f3.<\/p>\n<p>En ese sentido, explic\u00f3 que el uso de drones ya est\u00e1 generando resultados concretos en allanamientos y procedimientos policiales y mencion\u00f3 que tener un dron sobrevolando un operativo \u201cpermite seguir movimientos en tiempo real, colaborar con fiscales y jueces y facilitar decisiones inmediatas durante un procedimiento\u201d. Asimismo, asegur\u00f3 que \u201ces posible gracias a la incorporaci\u00f3n de tecnolog\u00eda y tambi\u00e9n a las reformas procesales que impulsamos para darle m\u00e1s herramientas a la Justicia y a la Polic\u00eda\u201d.<\/p>\n<p><a href=\"https:\/\/vinasfm.com\/noticias\/wp-content\/uploads\/2026\/05\/SAK03538-e1778278652542-1280x720-1.jpg\"><img loading=\"lazy\" decoding=\"async\" class=\"alignnone size-large wp-image-160178\" src=\"https:\/\/vinasfm.com\/noticias\/wp-content\/uploads\/2026\/05\/SAK03538-e1778278652542-1280x720-1-1024x576.jpg\" alt=\"\" width=\"1024\" height=\"576\" srcset=\"https:\/\/vinasfm.com\/noticias\/wp-content\/uploads\/2026\/05\/SAK03538-e1778278652542-1280x720-1-1024x576.jpg 1024w, https:\/\/vinasfm.com\/noticias\/wp-content\/uploads\/2026\/05\/SAK03538-e1778278652542-1280x720-1-300x169.jpg 300w, https:\/\/vinasfm.com\/noticias\/wp-content\/uploads\/2026\/05\/SAK03538-e1778278652542-1280x720-1-768x432.jpg 768w, https:\/\/vinasfm.com\/noticias\/wp-content\/uploads\/2026\/05\/SAK03538-e1778278652542-1280x720-1-1140x641.jpg 1140w, https:\/\/vinasfm.com\/noticias\/wp-content\/uploads\/2026\/05\/SAK03538-e1778278652542-1280x720-1.jpg 1280w\" sizes=\"auto, (max-width: 1024px) 100vw, 1024px\" \/><\/a><\/p>\n<p>El Gobernador tambi\u00e9n vincul\u00f3 el avance tecnol\u00f3gico con el fortalecimiento de la seguridad rural, una de las principales demandas del Sur mendocino al remarcar que \u201cla ruralidad necesita herramientas espec\u00edficas\u201d. Acto seguido, indic\u00f3 que \u201ces muy dif\u00edcil prevenir determinados delitos rurales \u00fanicamente con presencia f\u00edsica. Con drones, videovigilancia y monitoreo podemos llegar mucho m\u00e1s r\u00e1pido y mejorar la capacidad preventiva en zonas alejadas\u201d.<\/p>\n<p>Adem\u00e1s, Cornejo valor\u00f3 el compromiso del Municipio de General Alvear con la inversi\u00f3n en seguridad al se\u00f1alar que comprar c\u00e1maras, sostener sistemas de monitoreo y \u201ctrabajar coordinadamente con la Provincia fortalece todo el sistema\u201d, y agreg\u00f3 que \u201cese compromiso ayuda much\u00edsimo y permite seguir avanzando en un modelo de seguridad moderna para Mendoza\u201d.<\/p>\n<p><a href=\"https:\/\/vinasfm.com\/noticias\/wp-content\/uploads\/2026\/05\/SAK03510-980x660-1.jpg\"><img loading=\"lazy\" decoding=\"async\" class=\"alignnone size-full wp-image-160177\" src=\"https:\/\/vinasfm.com\/noticias\/wp-content\/uploads\/2026\/05\/SAK03510-980x660-1.jpg\" alt=\"\" width=\"980\" height=\"660\" srcset=\"https:\/\/vinasfm.com\/noticias\/wp-content\/uploads\/2026\/05\/SAK03510-980x660-1.jpg 980w, https:\/\/vinasfm.com\/noticias\/wp-content\/uploads\/2026\/05\/SAK03510-980x660-1-300x202.jpg 300w, https:\/\/vinasfm.com\/noticias\/wp-content\/uploads\/2026\/05\/SAK03510-980x660-1-768x517.jpg 768w\" sizes=\"auto, (max-width: 980px) 100vw, 980px\" \/><\/a><\/p>\n<p><strong>\u201cNuestro objetivo es que Mendoza sea una plaza inc\u00f3moda para el narcotr\u00e1fico\u201d<\/strong><\/p>\n<p>Por su parte, la ministra Mercedes Rus destac\u00f3 que Mendoza se ha consolidado como una de las provincias con mayor desarrollo operativo en materia de drones aplicados a la seguridad p\u00fablica. As\u00ed, explic\u00f3 que esta inversi\u00f3n es el resultado de una pol\u00edtica sostenida de profesionalizaci\u00f3n y modernizaci\u00f3n, y asegur\u00f3 que \u201cMendoza es una de las provincias con m\u00e1s pilotos certificados del pa\u00eds y actualmente contamos con cerca de 30 efectivos especializados en operaciones a\u00e9reas con drones\u201d.<\/p>\n<p>La funcionaria detall\u00f3 que la Provincia contin\u00faa ampliando la red de bases operativas para fortalecer el despliegue territorial al mencionar que \u201choy tenemos bases en el Gran Mendoza, San Rafael, Valle de Uco y ahora General Alvear\u201d, al tiempo que anticip\u00f3 que \u201cpr\u00f3ximamente tambi\u00e9n avanzaremos en el Este provincial\u201d.<\/p>\n<p><a href=\"https:\/\/vinasfm.com\/noticias\/wp-content\/uploads\/2026\/05\/Unidad.jpg\"><img loading=\"lazy\" decoding=\"async\" class=\"alignnone size-full wp-image-160180\" src=\"https:\/\/vinasfm.com\/noticias\/wp-content\/uploads\/2026\/05\/Unidad.jpg\" alt=\"\" width=\"980\" height=\"654\" srcset=\"https:\/\/vinasfm.com\/noticias\/wp-content\/uploads\/2026\/05\/Unidad.jpg 980w, https:\/\/vinasfm.com\/noticias\/wp-content\/uploads\/2026\/05\/Unidad-300x200.jpg 300w, https:\/\/vinasfm.com\/noticias\/wp-content\/uploads\/2026\/05\/Unidad-768x513.jpg 768w\" sizes=\"auto, (max-width: 980px) 100vw, 980px\" \/><\/a><\/p>\n<p>Rus asegur\u00f3 que la tecnolog\u00eda ya no es complementaria, y que \u201choy es una herramienta central para prevenir delitos, coordinar operativos y mejorar la capacidad de respuesta policial\u201d.<\/p>\n<p>La ministra Rus tambi\u00e9n puso en valor el funcionamiento de los anillos digitales interjurisdiccionales ya implementados en el Sur mendocino. Afirm\u00f3 que ya est\u00e1n operativos en General Alvear, San Rafael y Malarg\u00fce, con 44 c\u00e1maras inteligentes de reconocimiento de patentes distribuidas en rutas estrat\u00e9gicas. \u201cEsto permite controlar ingresos y egresos, detectar veh\u00edculos vinculados a delitos y fortalecer la prevenci\u00f3n en toda la regi\u00f3n\u201d, afirm\u00f3.<\/p>\n<p>En materia de narcotr\u00e1fico, destac\u00f3 el trabajo coordinado entre la Polic\u00eda de Mendoza, la Justicia provincial, la Justicia Federal y las provincias vecinas al indicar que la Polic\u00eda de Mendoza interviene en gran parte de las investigaciones vinculadas al narcotr\u00e1fico. Adem\u00e1s, asegur\u00f3 que \u201cel delito organizado exige un Estado mejor organizado, con inteligencia criminal, tecnolog\u00eda y coordinaci\u00f3n interjurisdiccional. Nuestro objetivo es que Mendoza sea una plaza inc\u00f3moda para el narcotr\u00e1fico\u201d.<\/p>\n<p>Adem\u00e1s, explic\u00f3 que la Provincia avanza en sistemas integrados de control junto a San Juan y San Luis: \u201cEstamos trabajando con bases de datos compartidas, controles unificados y nuevos centros de monitoreo para fortalecer la seguridad regional. Si el delito busca rentabilidad, nosotros tenemos que aumentar los controles y reducir sus posibilidades de operar\u201d.<\/p>\n<p>A su turno, el intendente Alejandro Molero asegur\u00f3 que General Alvear atraviesa \u201cun verdadero cambio de paradigma en materia de seguridad\u201d gracias al trabajo articulado con el Gobierno provincial. \u201cLos alvearenses entendemos que uno de nuestros mayores patrimonios es vivir en una comunidad tranquila y segura. Por eso hemos realizado una fuerte inversi\u00f3n en c\u00e1maras, monitoreo, preventores y tecnolog\u00eda aplicada a la prevenci\u00f3n del delito\u201d, afirm\u00f3.<\/p>\n<p>Molero destac\u00f3 adem\u00e1s que General Alvear contin\u00faa consolid\u00e1ndose como una de las ciudades con mejor calidad de vida del pa\u00eds. \u201cHoy muchas personas eligen vivir en comunidades como la nuestra, donde todav\u00eda los chicos pueden ir caminando o en bicicleta a la escuela y donde se puede vivir con tranquilidad. Ese modelo de ciudad hay que cuidarlo y fortalecerlo permanentemente\u201d, se\u00f1al\u00f3.<\/p>\n<p>El jefe comunal tambi\u00e9n valor\u00f3 la incorporaci\u00f3n de m\u00e1s de 170 c\u00e1maras monitoreadas las 24 horas, desarrollamos sistemas de videovigilancia en zonas rurales \u201cdonde antes parec\u00eda imposible y seguimos sumando tecnolog\u00eda junto al Ministerio de Seguridad. Esta nueva divisi\u00f3n de drones representa un paso muy importante para seguir fortaleciendo la prevenci\u00f3n\u201d.<\/p>\n<p>Con esta incorporaci\u00f3n, el Sur mendocino contar\u00e1 con dos bases operativas de drones policiales: una en San Rafael y otra en General Alvear. Entre ambas delegaciones habr\u00e1 tres drones operativos, dos m\u00f3viles y nueve efectivos especializados, adem\u00e1s de personal que se encuentra en proceso de certificaci\u00f3n ante la ANAC.<\/p>\n<p>La Delegaci\u00f3n VANT Sur, con base en el aer\u00f3dromo de San Rafael, cuenta actualmente con seis pilotos \u2014uno de ellos pr\u00f3ximo a rendir la certificaci\u00f3n\u2014, dos drones DJI Mavic y DJI Matrice 30, y un m\u00f3vil operativo destinado a patrullajes y despliegues preventivos.<\/p>\n<p>Por su parte, la nueva Delegaci\u00f3n VANT Alvear contar\u00e1 con cuatro efectivos afectados al \u00e1rea: tres pilotos certificados \u2014entre ellos el inspector que estar\u00e1 a cargo de la delegaci\u00f3n\u2014 y un cuarto efectivo que ya aprob\u00f3 el curso de formaci\u00f3n y se encuentra pr\u00f3ximo a rendir ante la ANAC para obtener la habilitaci\u00f3n correspondiente. Adem\u00e1s, la base tendr\u00e1 un dron y un m\u00f3vil asignado exclusivamente a tareas operativas.<\/p>\n<p>Actualmente, la Polic\u00eda de Mendoza posee una flota de 10 drones operativos distribuidos en toda la provincia y un total de 30 pilotos especializados en operaciones a\u00e9reas con veh\u00edculos no tripulados.<\/p>\n<p>Los equipos utilizados por la Unidad VANT cuentan con c\u00e1maras t\u00e9rmicas, zoom \u00f3ptico de largo alcance, transmisi\u00f3n en tiempo real, inteligencia artificial y hasta 30 minutos de autonom\u00eda de vuelo. Adem\u00e1s, poseen reflectores, parlantes y herramientas que permiten intervenir en operativos nocturnos, b\u00fasquedas de personas, rescates y procedimientos en zonas rurales o de dif\u00edcil acceso.<\/p>\n<p>La Provincia tambi\u00e9n dispone de bases operativas en el Gran Mendoza y el Valle de Uco, consolidando un sistema de patrullaje a\u00e9reo que ampl\u00eda la capacidad preventiva y de respuesta de la Polic\u00eda de Mendoza en todo el territorio provincial.<\/p>\n","protected":false},"excerpt":{"rendered":"<p>La sede se suma a la delegaci\u00f3n que ya funciona en San Rafael y permitir\u00e1 reforzar patrullajes preventivos, b\u00fasquedas, operativos y &#8230;<\/p>\n","protected":false},"author":7,"featured_media":160181,"comment_status":"open","ping_status":"open","sticky":false,"template":"","format":"standard","meta":{"footnotes":""},"categories":[5,10],"tags":[],"class_list":["post-160176","post","type-post","status-publish","format-standard","has-post-thumbnail","hentry","category-actualidad","category-destacadas"],"_links":{"self":[{"href":"https:\/\/vinasfm.com\/noticias\/wp-json\/wp\/v2\/posts\/160176","targetHints":{"allow":["GET"]}}],"collection":[{"href":"https:\/\/vinasfm.com\/noticias\/wp-json\/wp\/v2\/posts"}],"about":[{"href":"https:\/\/vinasfm.com\/noticias\/wp-json\/wp\/v2\/types\/post"}],"author":[{"embeddable":true,"href":"https:\/\/vinasfm.com\/noticias\/wp-json\/wp\/v2\/users\/7"}],"replies":[{"embeddable":true,"href":"https:\/\/vinasfm.com\/noticias\/wp-json\/wp\/v2\/comments?post=160176"}],"version-history":[{"count":1,"href":"https:\/\/vinasfm.com\/noticias\/wp-json\/wp\/v2\/posts\/160176\/revisions"}],"predecessor-version":[{"id":160183,"href":"https:\/\/vinasfm.com\/noticias\/wp-json\/wp\/v2\/posts\/160176\/revisions\/160183"}],"wp:featuredmedia":[{"embeddable":true,"href":"https:\/\/vinasfm.com\/noticias\/wp-json\/wp\/v2\/media\/160181"}],"wp:attachment":[{"href":"https:\/\/vinasfm.com\/noticias\/wp-json\/wp\/v2\/media?parent=160176"}],"wp:term":[{"taxonomy":"category","embeddable":true,"href":"https:\/\/vinasfm.com\/noticias\/wp-json\/wp\/v2\/categories?post=160176"},{"taxonomy":"post_tag","embeddable":true,"href":"https:\/\/vinasfm.com\/noticias\/wp-json\/wp\/v2\/tags?post=160176"}],"curies":[{"name":"wp","href":"https:\/\/api.w.org\/{rel}","templated":true}]}}