{"id":159998,"date":"2026-05-05T09:23:24","date_gmt":"2026-05-05T12:23:24","guid":{"rendered":"https:\/\/vinasfm.com\/noticias\/?p=159998"},"modified":"2026-05-06T10:27:38","modified_gmt":"2026-05-06T13:27:38","slug":"mensajes-comprometedores-en-el-juicio-al-docente-ilustre-por-grooming-tenes-que-entregarme-el-cuerpo","status":"publish","type":"post","link":"https:\/\/vinasfm.com\/noticias\/mensajes-comprometedores-en-el-juicio-al-docente-ilustre-por-grooming-tenes-que-entregarme-el-cuerpo\/","title":{"rendered":"MENSAJES COMPROMETEDORES EN EL JUICIO AL DOCENTE \u00abILUSTRE\u00bb POR GROOMING: \u00abTEN\u00c9S QUE ENTREGARME EL CUERPO\u00bb"},"content":{"rendered":"<h4><strong>Este martes comienzan los alegatos finales del debate contra Elbio Bruschi, quien fue distinguido como \u201cMaestro Ilustre\u201d en 2019, acusado de ciberacoso sexual. La denunciante es una joven alumna de 17 a\u00f1os de San Rafael.<\/strong><\/h4>\n<p>Comenzar\u00e1 ma\u00f1ana la etapa de alegatos del debate que tiene como acusado a un reconocido docente de General Alvear \u2014distinguido por la Naci\u00f3n como \u201cMaestro Ilustre en 2019\u201d\u2014, que es juzgado por un caso de ciberacoso sexual cuya denunciante es una joven alumna de 17 a\u00f1os de un colegio p\u00fablico de San Rafael.<\/p>\n<p>Esta ma\u00f1ana, un tribunal conformado por los jueces sure\u00f1os Mar\u00eda Eugenia Laigle, Julio Bittar y Rodolfo Luque comenz\u00f3 a escuchar a los \u00faltimos testigos del juicio que tiene como acusado a Elbio Bruschi Terraquol por el delito de \u201cciberacoso sexual infantil (grooming: atentado contra la integridad sexual de menores por medios inform\u00e1ticos)\u201d.<\/p>\n<p>El debate comenz\u00f3 hace un par de semanas, pero se hab\u00eda suspendido porque la defensa de Bruschi hab\u00eda propuesto nuevos testigos. Se espera que el tribunal escuche los alegatos del fiscal Javier Giaroli y del defensor del educador. Es probable, entonces, que los jueces dicten sentencia absolutoria o condenatoria tras los alegatos, o bien que lo hagan el pr\u00f3ximo viernes.<\/p>\n<p>Si bien el debate hab\u00eda comenzado por ciberacoso sexual o grooming, durante el juicio el fiscal Giaroli ampli\u00f3 la acusaci\u00f3n y le sum\u00f3 el delito de incumplimiento de los deberes de funcionario p\u00fablico.<\/p>\n<p>En diciembre pasado, en una audiencia de oposici\u00f3n, la jueza Mar\u00eda Laura Godoy orden\u00f3 que la investigaci\u00f3n que realiza el fiscal Javier Giaroli sea elevada a juicio, tras desechar los argumentos de la defensa, que se opon\u00eda.<\/p>\n<h2><span style=\"color: #ff0000;\">Mensajes comprometedores<\/span><\/h2>\n<p>La investigaci\u00f3n comenz\u00f3 en 2023 luego de que se recibiera una denuncia de la familia de una joven de 17 a\u00f1os, donde se indicaba que el distinguido docente habr\u00eda acosado sexualmente a la adolescente envi\u00e1ndole mensajes a trav\u00e9s de WhatsApp.<\/p>\n<p>La denuncia abri\u00f3 el camino para una investigaci\u00f3n por \u201cgrooming\u201d que tiene como pruebas de inter\u00e9s los mensajes que el hombre le habr\u00eda enviado a la adolescente con propuestas indebidas, algunas relacionadas con la materia que la estudiante cursaba en una escuela de San Rafael.<\/p>\n<p>Tambi\u00e9n se encuentra en el expediente el relato de la denunciante y el de sus padres, adem\u00e1s de pericias psicol\u00f3gicas realizadas a la presunta v\u00edctima de abuso sexual de menores.<\/p>\n<p>En el juicio se ventil\u00f3 que la joven alumna ten\u00eda que rendir equivalencias, por lo que se comunic\u00f3 con Bruschi por WhatsApp para saber c\u00f3mo enfrentar la prueba, y el docente de Rob\u00f3tica le habr\u00eda contestado por el mismo medio dici\u00e9ndole \u201cten\u00e9s que entregarme el cuerpo\u201d y \u201cten\u00e9s que pagarme con carne\u201d, seg\u00fan explic\u00f3 una fuente que trabaja en el caso.<\/p>\n<h2><span style=\"color: #ff0000;\">Maestro \u201cejemplar\u201d<\/span><\/h2>\n<p>El 11 septiembre de 2019 \u2014D\u00eda del Maestro\u2014, Elbio Bruschi recibi\u00f3 en la CABA el premio \u201cMaestro Ilustre 2019\u201d por el trabajo que realiza en escuelas del sur mendocino, generando espacios de ense\u00f1anza que acercan a sus estudiantes a las nuevas tecnolog\u00edas.<\/p>\n<p>Bruschi es licenciado en Tecnolog\u00eda Educativa y diariamente trabajaba con j\u00f3venes en escuelas de San Rafael y Malarg\u00fce, \u201cacercando y generando proyectos tecnol\u00f3gicos que generan igualdad de oportunidades y fortalecen las trayectorias escolares de sus estudiantes\u201d, seg\u00fan una publicaci\u00f3n que hizo en ese momento el Gobierno de Mendoza.<\/p>\n<p>Este premio fue entregado por el por entonces ministro de Educaci\u00f3n, Cultura, Ciencia y Tecnolog\u00eda de la Naci\u00f3n, Alejandro Finocchiaro, quien distingui\u00f3 a 24 docentes ganadores de las 24 provincias con el premio Maestros Ilustres en el Palacio Sarmiento.<\/p>\n<p>Seg\u00fan la publicaci\u00f3n provincial, \u201clos maestros fueron seleccionados por sus ministerios provinciales bajo criterios como reconocida trayectoria, destacado desempe\u00f1o entre alumnos, reconocimiento de la comunidad educativa, reconocimiento acad\u00e9mico, participaci\u00f3n en espacios de formaci\u00f3n y presentaciones ante la comunidad y compromiso con su escuela, expresado en propuestas innovadoras para los estudiantes, entre otros\u201d.<\/p>\n","protected":false},"excerpt":{"rendered":"<p>Este martes comienzan los alegatos finales del debate contra Elbio Bruschi, quien fue distinguido como \u201cMaestro Ilustre\u201d en 2019, acusado de &#8230;<\/p>\n","protected":false},"author":7,"featured_media":159999,"comment_status":"open","ping_status":"open","sticky":false,"template":"","format":"standard","meta":{"footnotes":""},"categories":[5,10],"tags":[],"class_list":["post-159998","post","type-post","status-publish","format-standard","has-post-thumbnail","hentry","category-actualidad","category-destacadas"],"_links":{"self":[{"href":"https:\/\/vinasfm.com\/noticias\/wp-json\/wp\/v2\/posts\/159998","targetHints":{"allow":["GET"]}}],"collection":[{"href":"https:\/\/vinasfm.com\/noticias\/wp-json\/wp\/v2\/posts"}],"about":[{"href":"https:\/\/vinasfm.com\/noticias\/wp-json\/wp\/v2\/types\/post"}],"author":[{"embeddable":true,"href":"https:\/\/vinasfm.com\/noticias\/wp-json\/wp\/v2\/users\/7"}],"replies":[{"embeddable":true,"href":"https:\/\/vinasfm.com\/noticias\/wp-json\/wp\/v2\/comments?post=159998"}],"version-history":[{"count":1,"href":"https:\/\/vinasfm.com\/noticias\/wp-json\/wp\/v2\/posts\/159998\/revisions"}],"predecessor-version":[{"id":160000,"href":"https:\/\/vinasfm.com\/noticias\/wp-json\/wp\/v2\/posts\/159998\/revisions\/160000"}],"wp:featuredmedia":[{"embeddable":true,"href":"https:\/\/vinasfm.com\/noticias\/wp-json\/wp\/v2\/media\/159999"}],"wp:attachment":[{"href":"https:\/\/vinasfm.com\/noticias\/wp-json\/wp\/v2\/media?parent=159998"}],"wp:term":[{"taxonomy":"category","embeddable":true,"href":"https:\/\/vinasfm.com\/noticias\/wp-json\/wp\/v2\/categories?post=159998"},{"taxonomy":"post_tag","embeddable":true,"href":"https:\/\/vinasfm.com\/noticias\/wp-json\/wp\/v2\/tags?post=159998"}],"curies":[{"name":"wp","href":"https:\/\/api.w.org\/{rel}","templated":true}]}}