{"id":159975,"date":"2026-05-04T10:19:21","date_gmt":"2026-05-04T13:19:21","guid":{"rendered":"https:\/\/vinasfm.com\/noticias\/?p=159975"},"modified":"2026-05-06T09:07:31","modified_gmt":"2026-05-06T12:07:31","slug":"los-estudiantes-tuvieron-su-manso-banderazo-en-la-plaza-departamental","status":"publish","type":"post","link":"https:\/\/vinasfm.com\/noticias\/los-estudiantes-tuvieron-su-manso-banderazo-en-la-plaza-departamental\/","title":{"rendered":"LOS ESTUDIANTES TUVIERON SU MANSO BANDERAZO EN LA PLAZA DEPARTAMENTAL"},"content":{"rendered":"<p>Este domingo en la plaza departamental, se llev\u00f3 a cabo el \u201cManso Banderazo\u201d, una propuesta impulsada desde la Asesor\u00eda de la Juventud que convoc\u00f3 a estudiantes de los \u00faltimos a\u00f1os de escuelas de todo el departamento.<\/p>\n<p><a href=\"https:\/\/vinasfm.com\/noticias\/wp-content\/uploads\/2026\/05\/IMG-20260504-WA0138.jpg\"><img loading=\"lazy\" decoding=\"async\" class=\"alignnone size-large wp-image-159976\" src=\"https:\/\/vinasfm.com\/noticias\/wp-content\/uploads\/2026\/05\/IMG-20260504-WA0138-1024x575.jpg\" alt=\"\" width=\"1024\" height=\"575\" srcset=\"https:\/\/vinasfm.com\/noticias\/wp-content\/uploads\/2026\/05\/IMG-20260504-WA0138-1024x575.jpg 1024w, https:\/\/vinasfm.com\/noticias\/wp-content\/uploads\/2026\/05\/IMG-20260504-WA0138-300x168.jpg 300w, https:\/\/vinasfm.com\/noticias\/wp-content\/uploads\/2026\/05\/IMG-20260504-WA0138-768x431.jpg 768w, https:\/\/vinasfm.com\/noticias\/wp-content\/uploads\/2026\/05\/IMG-20260504-WA0138-1536x862.jpg 1536w, https:\/\/vinasfm.com\/noticias\/wp-content\/uploads\/2026\/05\/IMG-20260504-WA0138-750x420.jpg 750w, https:\/\/vinasfm.com\/noticias\/wp-content\/uploads\/2026\/05\/IMG-20260504-WA0138-1140x641.jpg 1140w, https:\/\/vinasfm.com\/noticias\/wp-content\/uploads\/2026\/05\/IMG-20260504-WA0138.jpg 1600w\" sizes=\"auto, (max-width: 1024px) 100vw, 1024px\" \/><\/a><\/p>\n<p>La actividad tuvo una gran convocatoria entre j\u00f3venes, familias y p\u00fablico en general, en una jornada marcada por la participaci\u00f3n, el color y el acompa\u00f1amiento de cada promoci\u00f3n, que present\u00f3 sus camperas, banderas, mascotas y coreograf\u00edas.<\/p>\n<p><a href=\"https:\/\/vinasfm.com\/noticias\/wp-content\/uploads\/2026\/05\/IMG-20260504-WA0141.jpg\"><img loading=\"lazy\" decoding=\"async\" class=\"alignnone size-large wp-image-159980\" src=\"https:\/\/vinasfm.com\/noticias\/wp-content\/uploads\/2026\/05\/IMG-20260504-WA0141-1024x575.jpg\" alt=\"\" width=\"1024\" height=\"575\" srcset=\"https:\/\/vinasfm.com\/noticias\/wp-content\/uploads\/2026\/05\/IMG-20260504-WA0141-1024x575.jpg 1024w, https:\/\/vinasfm.com\/noticias\/wp-content\/uploads\/2026\/05\/IMG-20260504-WA0141-300x168.jpg 300w, https:\/\/vinasfm.com\/noticias\/wp-content\/uploads\/2026\/05\/IMG-20260504-WA0141-768x431.jpg 768w, https:\/\/vinasfm.com\/noticias\/wp-content\/uploads\/2026\/05\/IMG-20260504-WA0141-1536x862.jpg 1536w, https:\/\/vinasfm.com\/noticias\/wp-content\/uploads\/2026\/05\/IMG-20260504-WA0141-750x420.jpg 750w, https:\/\/vinasfm.com\/noticias\/wp-content\/uploads\/2026\/05\/IMG-20260504-WA0141-1140x641.jpg 1140w, https:\/\/vinasfm.com\/noticias\/wp-content\/uploads\/2026\/05\/IMG-20260504-WA0141.jpg 1600w\" sizes=\"auto, (max-width: 1024px) 100vw, 1024px\" \/><\/a><\/p>\n<p>Del encuentro particip\u00f3 el intendente Alejandro Molero y adem\u00e1s se gener\u00f3 un espacio de integraci\u00f3n entre escuelas, promoviendo la convivencia y el sentido de pertenencia en una etapa clave para los estudiantes.<\/p>\n<p><a href=\"https:\/\/vinasfm.com\/noticias\/wp-content\/uploads\/2026\/05\/IMG-20260504-WA0136.jpg\"><img loading=\"lazy\" decoding=\"async\" class=\"alignnone size-large wp-image-159979\" src=\"https:\/\/vinasfm.com\/noticias\/wp-content\/uploads\/2026\/05\/IMG-20260504-WA0136-1024x575.jpg\" alt=\"\" width=\"1024\" height=\"575\" srcset=\"https:\/\/vinasfm.com\/noticias\/wp-content\/uploads\/2026\/05\/IMG-20260504-WA0136-1024x575.jpg 1024w, https:\/\/vinasfm.com\/noticias\/wp-content\/uploads\/2026\/05\/IMG-20260504-WA0136-300x168.jpg 300w, https:\/\/vinasfm.com\/noticias\/wp-content\/uploads\/2026\/05\/IMG-20260504-WA0136-768x431.jpg 768w, https:\/\/vinasfm.com\/noticias\/wp-content\/uploads\/2026\/05\/IMG-20260504-WA0136-1536x862.jpg 1536w, https:\/\/vinasfm.com\/noticias\/wp-content\/uploads\/2026\/05\/IMG-20260504-WA0136-750x420.jpg 750w, https:\/\/vinasfm.com\/noticias\/wp-content\/uploads\/2026\/05\/IMG-20260504-WA0136-1140x641.jpg 1140w, https:\/\/vinasfm.com\/noticias\/wp-content\/uploads\/2026\/05\/IMG-20260504-WA0136.jpg 1600w\" sizes=\"auto, (max-width: 1024px) 100vw, 1024px\" \/><\/a><\/p>\n<p><a href=\"https:\/\/vinasfm.com\/noticias\/wp-content\/uploads\/2026\/05\/IMG-20260504-WA0134.jpg\"><img loading=\"lazy\" decoding=\"async\" class=\"alignnone size-large wp-image-159981\" src=\"https:\/\/vinasfm.com\/noticias\/wp-content\/uploads\/2026\/05\/IMG-20260504-WA0134-1024x575.jpg\" alt=\"\" width=\"1024\" height=\"575\" srcset=\"https:\/\/vinasfm.com\/noticias\/wp-content\/uploads\/2026\/05\/IMG-20260504-WA0134-1024x575.jpg 1024w, https:\/\/vinasfm.com\/noticias\/wp-content\/uploads\/2026\/05\/IMG-20260504-WA0134-300x168.jpg 300w, https:\/\/vinasfm.com\/noticias\/wp-content\/uploads\/2026\/05\/IMG-20260504-WA0134-768x431.jpg 768w, https:\/\/vinasfm.com\/noticias\/wp-content\/uploads\/2026\/05\/IMG-20260504-WA0134-1536x862.jpg 1536w, https:\/\/vinasfm.com\/noticias\/wp-content\/uploads\/2026\/05\/IMG-20260504-WA0134-750x420.jpg 750w, https:\/\/vinasfm.com\/noticias\/wp-content\/uploads\/2026\/05\/IMG-20260504-WA0134-1140x641.jpg 1140w, https:\/\/vinasfm.com\/noticias\/wp-content\/uploads\/2026\/05\/IMG-20260504-WA0134.jpg 1600w\" sizes=\"auto, (max-width: 1024px) 100vw, 1024px\" \/><\/a><\/p>\n","protected":false},"excerpt":{"rendered":"<p>Este domingo en la plaza departamental, se llev\u00f3 a cabo el \u201cManso Banderazo\u201d, una propuesta impulsada desde la Asesor\u00eda de la &#8230;<\/p>\n","protected":false},"author":7,"featured_media":159978,"comment_status":"open","ping_status":"open","sticky":false,"template":"","format":"standard","meta":{"footnotes":""},"categories":[5,18],"tags":[],"class_list":["post-159975","post","type-post","status-publish","format-standard","has-post-thumbnail","hentry","category-actualidad","category-educacion"],"_links":{"self":[{"href":"https:\/\/vinasfm.com\/noticias\/wp-json\/wp\/v2\/posts\/159975","targetHints":{"allow":["GET"]}}],"collection":[{"href":"https:\/\/vinasfm.com\/noticias\/wp-json\/wp\/v2\/posts"}],"about":[{"href":"https:\/\/vinasfm.com\/noticias\/wp-json\/wp\/v2\/types\/post"}],"author":[{"embeddable":true,"href":"https:\/\/vinasfm.com\/noticias\/wp-json\/wp\/v2\/users\/7"}],"replies":[{"embeddable":true,"href":"https:\/\/vinasfm.com\/noticias\/wp-json\/wp\/v2\/comments?post=159975"}],"version-history":[{"count":2,"href":"https:\/\/vinasfm.com\/noticias\/wp-json\/wp\/v2\/posts\/159975\/revisions"}],"predecessor-version":[{"id":159988,"href":"https:\/\/vinasfm.com\/noticias\/wp-json\/wp\/v2\/posts\/159975\/revisions\/159988"}],"wp:featuredmedia":[{"embeddable":true,"href":"https:\/\/vinasfm.com\/noticias\/wp-json\/wp\/v2\/media\/159978"}],"wp:attachment":[{"href":"https:\/\/vinasfm.com\/noticias\/wp-json\/wp\/v2\/media?parent=159975"}],"wp:term":[{"taxonomy":"category","embeddable":true,"href":"https:\/\/vinasfm.com\/noticias\/wp-json\/wp\/v2\/categories?post=159975"},{"taxonomy":"post_tag","embeddable":true,"href":"https:\/\/vinasfm.com\/noticias\/wp-json\/wp\/v2\/tags?post=159975"}],"curies":[{"name":"wp","href":"https:\/\/api.w.org\/{rel}","templated":true}]}}