{"id":159963,"date":"2026-05-04T09:51:07","date_gmt":"2026-05-04T12:51:07","guid":{"rendered":"https:\/\/vinasfm.com\/noticias\/?p=159963"},"modified":"2026-05-05T10:51:58","modified_gmt":"2026-05-05T13:51:58","slug":"mas-de-5000-personas-disfrutaron-de-la-fecha-de-picadas-en-el-aereclub-de-general-alvear","status":"publish","type":"post","link":"https:\/\/vinasfm.com\/noticias\/mas-de-5000-personas-disfrutaron-de-la-fecha-de-picadas-en-el-aereclub-de-general-alvear\/","title":{"rendered":"M\u00c1S DE 5000 PERSONAS DISFRUTARON DE LA FECHA DE PICADAS EN EL AERO CLUB DE GENERAL ALVEAR"},"content":{"rendered":"<h4><strong>Con la organizaci\u00f3n de Mart\u00edn Molina, de Drag Racing Roca, que reuni\u00f3 alrededor de 100 veh\u00edculos, entre autos y motos.<\/strong><\/h4>\n<p>Pilotos de toda la provincia, de San Juan, Neuqu\u00e9n, R\u00edo Negro, Buenos Aires y los locales se dieron cita en un evento que, por primera vez, se realiz\u00f3 en nuestra ciudad.<\/p>\n<p><a href=\"https:\/\/vinasfm.com\/noticias\/wp-content\/uploads\/2026\/05\/IMG-20260504-WA0116.jpg\"><img loading=\"lazy\" decoding=\"async\" class=\"alignnone size-large wp-image-159972\" src=\"https:\/\/vinasfm.com\/noticias\/wp-content\/uploads\/2026\/05\/IMG-20260504-WA0116-1024x682.jpg\" alt=\"\" width=\"1024\" height=\"682\" srcset=\"https:\/\/vinasfm.com\/noticias\/wp-content\/uploads\/2026\/05\/IMG-20260504-WA0116-1024x682.jpg 1024w, https:\/\/vinasfm.com\/noticias\/wp-content\/uploads\/2026\/05\/IMG-20260504-WA0116-300x200.jpg 300w, https:\/\/vinasfm.com\/noticias\/wp-content\/uploads\/2026\/05\/IMG-20260504-WA0116-768x512.jpg 768w, https:\/\/vinasfm.com\/noticias\/wp-content\/uploads\/2026\/05\/IMG-20260504-WA0116-1536x1023.jpg 1536w, https:\/\/vinasfm.com\/noticias\/wp-content\/uploads\/2026\/05\/IMG-20260504-WA0116.jpg 1600w\" sizes=\"auto, (max-width: 1024px) 100vw, 1024px\" \/><\/a><\/p>\n<p>Adem\u00e1s de las picadas, tambi\u00e9n hubo un momento para la destreza y la adrenalina de la mano de \u00d1u\u00f1o L\u00f3pez y su Torino, Torodrift, campe\u00f3n sudamericano de drift, que deleit\u00f3 con sus piruetas a un p\u00fablico entusiasta que no se movi\u00f3 de sus lugares hasta la finalizaci\u00f3n de la actividad, con los \u00faltimos rayos del sol.<\/p>\n<p><a href=\"https:\/\/vinasfm.com\/noticias\/wp-content\/uploads\/2026\/05\/IMG-20260504-WA0110.jpg\"><img loading=\"lazy\" decoding=\"async\" class=\"alignnone size-large wp-image-159970\" src=\"https:\/\/vinasfm.com\/noticias\/wp-content\/uploads\/2026\/05\/IMG-20260504-WA0110-1024x682.jpg\" alt=\"\" width=\"1024\" height=\"682\" srcset=\"https:\/\/vinasfm.com\/noticias\/wp-content\/uploads\/2026\/05\/IMG-20260504-WA0110-1024x682.jpg 1024w, https:\/\/vinasfm.com\/noticias\/wp-content\/uploads\/2026\/05\/IMG-20260504-WA0110-300x200.jpg 300w, https:\/\/vinasfm.com\/noticias\/wp-content\/uploads\/2026\/05\/IMG-20260504-WA0110-768x512.jpg 768w, https:\/\/vinasfm.com\/noticias\/wp-content\/uploads\/2026\/05\/IMG-20260504-WA0110-1536x1023.jpg 1536w, https:\/\/vinasfm.com\/noticias\/wp-content\/uploads\/2026\/05\/IMG-20260504-WA0110.jpg 1600w\" sizes=\"auto, (max-width: 1024px) 100vw, 1024px\" \/><\/a><\/p>\n<p>El intendente Alejandro Molero tambi\u00e9n estuvo presente, participando junto a su familia y acompa\u00f1ando la jornada.<\/p>\n<p><a href=\"https:\/\/vinasfm.com\/noticias\/wp-content\/uploads\/2026\/05\/IMG-20260504-WA0117.jpg\"><img loading=\"lazy\" decoding=\"async\" class=\"alignnone size-large wp-image-159968\" src=\"https:\/\/vinasfm.com\/noticias\/wp-content\/uploads\/2026\/05\/IMG-20260504-WA0117-1024x682.jpg\" alt=\"\" width=\"1024\" height=\"682\" srcset=\"https:\/\/vinasfm.com\/noticias\/wp-content\/uploads\/2026\/05\/IMG-20260504-WA0117-1024x682.jpg 1024w, https:\/\/vinasfm.com\/noticias\/wp-content\/uploads\/2026\/05\/IMG-20260504-WA0117-300x200.jpg 300w, https:\/\/vinasfm.com\/noticias\/wp-content\/uploads\/2026\/05\/IMG-20260504-WA0117-768x512.jpg 768w, https:\/\/vinasfm.com\/noticias\/wp-content\/uploads\/2026\/05\/IMG-20260504-WA0117-1536x1023.jpg 1536w, https:\/\/vinasfm.com\/noticias\/wp-content\/uploads\/2026\/05\/IMG-20260504-WA0117.jpg 1600w\" sizes=\"auto, (max-width: 1024px) 100vw, 1024px\" \/><\/a><\/p>\n<p>Teniendo en cuenta la convocatoria tanto del p\u00fablico como de los pilotos, quienes se fueron muy satisfechos por lo vivido, la organizaci\u00f3n prometi\u00f3 un nuevo evento en una fecha a confirmar en los pr\u00f3ximos d\u00edas.<\/p>\n<p><a href=\"https:\/\/vinasfm.com\/noticias\/wp-content\/uploads\/2026\/05\/IMG-20260504-WA0114.jpg\"><img loading=\"lazy\" decoding=\"async\" class=\"alignnone size-large wp-image-159967\" src=\"https:\/\/vinasfm.com\/noticias\/wp-content\/uploads\/2026\/05\/IMG-20260504-WA0114-1024x682.jpg\" alt=\"\" width=\"1024\" height=\"682\" srcset=\"https:\/\/vinasfm.com\/noticias\/wp-content\/uploads\/2026\/05\/IMG-20260504-WA0114-1024x682.jpg 1024w, https:\/\/vinasfm.com\/noticias\/wp-content\/uploads\/2026\/05\/IMG-20260504-WA0114-300x200.jpg 300w, https:\/\/vinasfm.com\/noticias\/wp-content\/uploads\/2026\/05\/IMG-20260504-WA0114-768x512.jpg 768w, https:\/\/vinasfm.com\/noticias\/wp-content\/uploads\/2026\/05\/IMG-20260504-WA0114-1536x1023.jpg 1536w, https:\/\/vinasfm.com\/noticias\/wp-content\/uploads\/2026\/05\/IMG-20260504-WA0114.jpg 1600w\" sizes=\"auto, (max-width: 1024px) 100vw, 1024px\" \/><\/a><\/p>\n","protected":false},"excerpt":{"rendered":"<p>Con la organizaci\u00f3n de Mart\u00edn Molina, de Drag Racing Roca, que reuni\u00f3 alrededor de 100 veh\u00edculos, entre autos y motos. Pilotos &#8230;<\/p>\n","protected":false},"author":7,"featured_media":159969,"comment_status":"open","ping_status":"open","sticky":false,"template":"","format":"standard","meta":{"footnotes":""},"categories":[5,11],"tags":[],"class_list":["post-159963","post","type-post","status-publish","format-standard","has-post-thumbnail","hentry","category-actualidad","category-sociales"],"_links":{"self":[{"href":"https:\/\/vinasfm.com\/noticias\/wp-json\/wp\/v2\/posts\/159963","targetHints":{"allow":["GET"]}}],"collection":[{"href":"https:\/\/vinasfm.com\/noticias\/wp-json\/wp\/v2\/posts"}],"about":[{"href":"https:\/\/vinasfm.com\/noticias\/wp-json\/wp\/v2\/types\/post"}],"author":[{"embeddable":true,"href":"https:\/\/vinasfm.com\/noticias\/wp-json\/wp\/v2\/users\/7"}],"replies":[{"embeddable":true,"href":"https:\/\/vinasfm.com\/noticias\/wp-json\/wp\/v2\/comments?post=159963"}],"version-history":[{"count":3,"href":"https:\/\/vinasfm.com\/noticias\/wp-json\/wp\/v2\/posts\/159963\/revisions"}],"predecessor-version":[{"id":159994,"href":"https:\/\/vinasfm.com\/noticias\/wp-json\/wp\/v2\/posts\/159963\/revisions\/159994"}],"wp:featuredmedia":[{"embeddable":true,"href":"https:\/\/vinasfm.com\/noticias\/wp-json\/wp\/v2\/media\/159969"}],"wp:attachment":[{"href":"https:\/\/vinasfm.com\/noticias\/wp-json\/wp\/v2\/media?parent=159963"}],"wp:term":[{"taxonomy":"category","embeddable":true,"href":"https:\/\/vinasfm.com\/noticias\/wp-json\/wp\/v2\/categories?post=159963"},{"taxonomy":"post_tag","embeddable":true,"href":"https:\/\/vinasfm.com\/noticias\/wp-json\/wp\/v2\/tags?post=159963"}],"curies":[{"name":"wp","href":"https:\/\/api.w.org\/{rel}","templated":true}]}}