{"id":159868,"date":"2026-04-29T12:04:36","date_gmt":"2026-04-29T15:04:36","guid":{"rendered":"https:\/\/vinasfm.com\/noticias\/?p=159868"},"modified":"2026-04-30T09:54:30","modified_gmt":"2026-04-30T12:54:30","slug":"consejo-de-adultos-mayores-la-municipalidad-fortalece-politicas-de-acompanamiento","status":"publish","type":"post","link":"https:\/\/vinasfm.com\/noticias\/consejo-de-adultos-mayores-la-municipalidad-fortalece-politicas-de-acompanamiento\/","title":{"rendered":"CONSEJO DE ADULTOS MAYORES: LA MUNICIPALIDAD FORTALECE POL\u00cdTICAS DE ACOMPA\u00d1AMIENTO"},"content":{"rendered":"<h4><strong>Con la participaci\u00f3n de organismos p\u00fablicos y representantes de centros de jubilados, este mi\u00e9rcoles se realiz\u00f3 una reuni\u00f3n del Consejo Departamental de Adultos Mayores, dando inicio a una nueva etapa de encuentros de este espacio de trabajo que busca abordar problem\u00e1ticas y promover iniciativas orientadas al bienestar de este sector.<\/strong><\/h4>\n<p>La directora de Familias, <strong><span style=\"color: #800080;\">Gabriela Arzel\u00e1n<\/span><\/strong>, explic\u00f3: <em><strong>\u201choy damos inicio a lo que es el Consejo Departamental de Adultos Mayores, que se reactiv\u00f3 el a\u00f1o pasado\u201d<\/strong><\/em>. En ese sentido, detall\u00f3 que la invitaci\u00f3n se extendi\u00f3 a distintas instituciones vinculadas a la tem\u00e1tica: <em><strong>\u201cla convocatoria es m\u00e1s amplia a distintos entes que de una manera u otra intervienen con los adultos mayores\u201d<\/strong><\/em>.<\/p>\n<p><a href=\"https:\/\/vinasfm.com\/noticias\/wp-content\/uploads\/2026\/04\/IMG-20260429-WA0014.jpg\"><img loading=\"lazy\" decoding=\"async\" class=\"alignnone size-large wp-image-159871\" src=\"https:\/\/vinasfm.com\/noticias\/wp-content\/uploads\/2026\/04\/IMG-20260429-WA0014-1024x682.jpg\" alt=\"\" width=\"1024\" height=\"682\" srcset=\"https:\/\/vinasfm.com\/noticias\/wp-content\/uploads\/2026\/04\/IMG-20260429-WA0014-1024x682.jpg 1024w, https:\/\/vinasfm.com\/noticias\/wp-content\/uploads\/2026\/04\/IMG-20260429-WA0014-300x200.jpg 300w, https:\/\/vinasfm.com\/noticias\/wp-content\/uploads\/2026\/04\/IMG-20260429-WA0014-768x512.jpg 768w, https:\/\/vinasfm.com\/noticias\/wp-content\/uploads\/2026\/04\/IMG-20260429-WA0014-1536x1023.jpg 1536w, https:\/\/vinasfm.com\/noticias\/wp-content\/uploads\/2026\/04\/IMG-20260429-WA0014.jpg 1600w\" sizes=\"auto, (max-width: 1024px) 100vw, 1024px\" \/><\/a><\/p>\n<p>El mismo es conformado por la <strong><span style=\"color: #800080;\">Municipalidad de General Alvear<\/span><\/strong>, el <strong><span style=\"color: #800080;\">Concejo Deliberante<\/span><\/strong>, <strong><span style=\"color: #800080;\">ANSES<\/span><\/strong>, <strong><span style=\"color: #800080;\">PAMI<\/span><\/strong>, \u00e1reas de <strong><span style=\"color: #800080;\">Salud<\/span><\/strong> y <strong><span style=\"color: #800080;\">Justicia<\/span><\/strong>, entidades bancarias y referentes de centros de jubilados. Sobre este punto, Arzel\u00e1n remarc\u00f3: <em><strong>\u201clos representantes del centro de jubilados son muy importantes en estos espacios porque ellos son los que portan la voz de las necesidades y las preocupaciones que los aquejan\u201d<\/strong><\/em>.<\/p>\n<p><a href=\"https:\/\/vinasfm.com\/noticias\/wp-content\/uploads\/2026\/04\/IMG-20260429-WA0016.jpg\"><img loading=\"lazy\" decoding=\"async\" class=\"alignnone size-large wp-image-159873\" src=\"https:\/\/vinasfm.com\/noticias\/wp-content\/uploads\/2026\/04\/IMG-20260429-WA0016-682x1024.jpg\" alt=\"\" width=\"682\" height=\"1024\" srcset=\"https:\/\/vinasfm.com\/noticias\/wp-content\/uploads\/2026\/04\/IMG-20260429-WA0016-682x1024.jpg 682w, https:\/\/vinasfm.com\/noticias\/wp-content\/uploads\/2026\/04\/IMG-20260429-WA0016-200x300.jpg 200w, https:\/\/vinasfm.com\/noticias\/wp-content\/uploads\/2026\/04\/IMG-20260429-WA0016-768x1153.jpg 768w, https:\/\/vinasfm.com\/noticias\/wp-content\/uploads\/2026\/04\/IMG-20260429-WA0016-1023x1536.jpg 1023w, https:\/\/vinasfm.com\/noticias\/wp-content\/uploads\/2026\/04\/IMG-20260429-WA0016.jpg 1066w\" sizes=\"auto, (max-width: 682px) 100vw, 682px\" \/><\/a><\/p>\n<p>El objetivo principal es generar instancias de escucha y articulaci\u00f3n para dar respuesta a las demandas existentes. Durante el a\u00f1o pasado, el Consejo trabaj\u00f3 en diversas l\u00edneas, entre ellas la prevenci\u00f3n de estafas virtuales, una preocupaci\u00f3n recurrente, que este a\u00f1o se profundizar\u00e1.<\/p>\n<p><a href=\"https:\/\/vinasfm.com\/noticias\/wp-content\/uploads\/2026\/04\/IMG-20260429-WA0013.jpg\"><img loading=\"lazy\" decoding=\"async\" class=\"alignnone size-large wp-image-159874\" src=\"https:\/\/vinasfm.com\/noticias\/wp-content\/uploads\/2026\/04\/IMG-20260429-WA0013-1024x682.jpg\" alt=\"\" width=\"1024\" height=\"682\" srcset=\"https:\/\/vinasfm.com\/noticias\/wp-content\/uploads\/2026\/04\/IMG-20260429-WA0013-1024x682.jpg 1024w, https:\/\/vinasfm.com\/noticias\/wp-content\/uploads\/2026\/04\/IMG-20260429-WA0013-300x200.jpg 300w, https:\/\/vinasfm.com\/noticias\/wp-content\/uploads\/2026\/04\/IMG-20260429-WA0013-768x512.jpg 768w, https:\/\/vinasfm.com\/noticias\/wp-content\/uploads\/2026\/04\/IMG-20260429-WA0013-1536x1023.jpg 1536w, https:\/\/vinasfm.com\/noticias\/wp-content\/uploads\/2026\/04\/IMG-20260429-WA0013.jpg 1600w\" sizes=\"auto, (max-width: 1024px) 100vw, 1024px\" \/><\/a><\/p>\n<p>Con esta convocatoria el municipio fortalece una gesti\u00f3n m\u00e1s inclusiva, emp\u00e1tica y cercana con los adultos mayores, reconociendo su rol activo en la comunidad y apostando a mejorar su calidad de vida a trav\u00e9s del trabajo articulado.<\/p>\n<p><a href=\"https:\/\/vinasfm.com\/noticias\/wp-content\/uploads\/2026\/04\/IMG-20260429-WA0015.jpg\"><img loading=\"lazy\" decoding=\"async\" class=\"alignnone size-large wp-image-159872\" src=\"https:\/\/vinasfm.com\/noticias\/wp-content\/uploads\/2026\/04\/IMG-20260429-WA0015-1024x682.jpg\" alt=\"\" width=\"1024\" height=\"682\" srcset=\"https:\/\/vinasfm.com\/noticias\/wp-content\/uploads\/2026\/04\/IMG-20260429-WA0015-1024x682.jpg 1024w, https:\/\/vinasfm.com\/noticias\/wp-content\/uploads\/2026\/04\/IMG-20260429-WA0015-300x200.jpg 300w, https:\/\/vinasfm.com\/noticias\/wp-content\/uploads\/2026\/04\/IMG-20260429-WA0015-768x512.jpg 768w, https:\/\/vinasfm.com\/noticias\/wp-content\/uploads\/2026\/04\/IMG-20260429-WA0015-1536x1023.jpg 1536w, https:\/\/vinasfm.com\/noticias\/wp-content\/uploads\/2026\/04\/IMG-20260429-WA0015.jpg 1600w\" sizes=\"auto, (max-width: 1024px) 100vw, 1024px\" \/><\/a><\/p>\n","protected":false},"excerpt":{"rendered":"<p>Con la participaci\u00f3n de organismos p\u00fablicos y representantes de centros de jubilados, este mi\u00e9rcoles se realiz\u00f3 una reuni\u00f3n del Consejo Departamental &#8230;<\/p>\n","protected":false},"author":7,"featured_media":159872,"comment_status":"open","ping_status":"open","sticky":false,"template":"","format":"standard","meta":{"footnotes":""},"categories":[5,10],"tags":[],"class_list":["post-159868","post","type-post","status-publish","format-standard","has-post-thumbnail","hentry","category-actualidad","category-destacadas"],"_links":{"self":[{"href":"https:\/\/vinasfm.com\/noticias\/wp-json\/wp\/v2\/posts\/159868","targetHints":{"allow":["GET"]}}],"collection":[{"href":"https:\/\/vinasfm.com\/noticias\/wp-json\/wp\/v2\/posts"}],"about":[{"href":"https:\/\/vinasfm.com\/noticias\/wp-json\/wp\/v2\/types\/post"}],"author":[{"embeddable":true,"href":"https:\/\/vinasfm.com\/noticias\/wp-json\/wp\/v2\/users\/7"}],"replies":[{"embeddable":true,"href":"https:\/\/vinasfm.com\/noticias\/wp-json\/wp\/v2\/comments?post=159868"}],"version-history":[{"count":2,"href":"https:\/\/vinasfm.com\/noticias\/wp-json\/wp\/v2\/posts\/159868\/revisions"}],"predecessor-version":[{"id":159876,"href":"https:\/\/vinasfm.com\/noticias\/wp-json\/wp\/v2\/posts\/159868\/revisions\/159876"}],"wp:featuredmedia":[{"embeddable":true,"href":"https:\/\/vinasfm.com\/noticias\/wp-json\/wp\/v2\/media\/159872"}],"wp:attachment":[{"href":"https:\/\/vinasfm.com\/noticias\/wp-json\/wp\/v2\/media?parent=159868"}],"wp:term":[{"taxonomy":"category","embeddable":true,"href":"https:\/\/vinasfm.com\/noticias\/wp-json\/wp\/v2\/categories?post=159868"},{"taxonomy":"post_tag","embeddable":true,"href":"https:\/\/vinasfm.com\/noticias\/wp-json\/wp\/v2\/tags?post=159868"}],"curies":[{"name":"wp","href":"https:\/\/api.w.org\/{rel}","templated":true}]}}