{"id":159827,"date":"2026-04-28T10:29:47","date_gmt":"2026-04-28T13:29:47","guid":{"rendered":"https:\/\/vinasfm.com\/noticias\/?p=159827"},"modified":"2026-04-29T10:25:43","modified_gmt":"2026-04-29T13:25:43","slug":"sesion-preparatoria-hoy-se-realizara-el-acto-de-asuncion-de-concejales-para-el-periodo-2026-2030","status":"publish","type":"post","link":"https:\/\/vinasfm.com\/noticias\/sesion-preparatoria-hoy-se-realizara-el-acto-de-asuncion-de-concejales-para-el-periodo-2026-2030\/","title":{"rendered":"SESI\u00d3N PREPARATORIA: SE REALIZ\u00d3 EL ACTO DE ASUNCI\u00d3N DE CONCEJALES PARA EL PER\u00cdODO 2026-2030"},"content":{"rendered":"<h4><strong>Este martes 28, a partir de las 20:00 H, se llevar\u00e1 a cabo en el Sal\u00f3n San Mart\u00edn la ceremonia de asunci\u00f3n de los concejales electos, en el marco de una sesi\u00f3n especial del Concejo Deliberante.<\/strong><\/h4>\n<p>En di\u00e1logo con<strong><span style=\"color: #800080;\"> FM VI\u00d1AS<\/span><\/strong> el Presidente del HCD, <strong><span style=\"color: #800080;\">Carlos Zalazar<\/span><\/strong>, detallo como se llevara a cabo la asunci\u00f3n: <em><strong>&#8216;cada concejal podr\u00e1 ingresar acompa\u00f1ado por un m\u00e1ximo de cuatro personas lo que sumado al personal del Concejo, autoridades municipales y funcionarios, completa pr\u00e1cticamente el cupo disponible&#8217;<\/strong><\/em>, agreg\u00f3.<\/p>\n<p>Se vive un <strong><span style=\"color: #800080;\">clima de expectativa<\/span><\/strong> por la incorporaci\u00f3n de los nuevos concejales, combinado con cierta nostalgia por quienes culminan su etapa:<em><strong> &#8216;resaltamos la confianza en varios de los ediles entrantes con quienes existen v\u00ednculos previos tanto en lo profesional como en lo pol\u00edtico&#8217;<\/strong><\/em>, manifest\u00f3 el Presidente.<\/p>\n<p>Entre los concejales que asumir\u00e1n se encuentran Marcos Iv\u00e1n Domenech, Florencia Morales, Emilce Jacobchuk, V\u00edctor Garc\u00eda y Vanina Lucero.<\/p>\n","protected":false},"excerpt":{"rendered":"<p>Este martes 28, a partir de las 20:00 H, se llevar\u00e1 a cabo en el Sal\u00f3n San Mart\u00edn la ceremonia de &#8230;<\/p>\n","protected":false},"author":7,"featured_media":45436,"comment_status":"open","ping_status":"open","sticky":false,"template":"","format":"standard","meta":{"footnotes":""},"categories":[5,26],"tags":[],"class_list":["post-159827","post","type-post","status-publish","format-standard","has-post-thumbnail","hentry","category-actualidad","category-hcd"],"_links":{"self":[{"href":"https:\/\/vinasfm.com\/noticias\/wp-json\/wp\/v2\/posts\/159827","targetHints":{"allow":["GET"]}}],"collection":[{"href":"https:\/\/vinasfm.com\/noticias\/wp-json\/wp\/v2\/posts"}],"about":[{"href":"https:\/\/vinasfm.com\/noticias\/wp-json\/wp\/v2\/types\/post"}],"author":[{"embeddable":true,"href":"https:\/\/vinasfm.com\/noticias\/wp-json\/wp\/v2\/users\/7"}],"replies":[{"embeddable":true,"href":"https:\/\/vinasfm.com\/noticias\/wp-json\/wp\/v2\/comments?post=159827"}],"version-history":[{"count":4,"href":"https:\/\/vinasfm.com\/noticias\/wp-json\/wp\/v2\/posts\/159827\/revisions"}],"predecessor-version":[{"id":159862,"href":"https:\/\/vinasfm.com\/noticias\/wp-json\/wp\/v2\/posts\/159827\/revisions\/159862"}],"wp:featuredmedia":[{"embeddable":true,"href":"https:\/\/vinasfm.com\/noticias\/wp-json\/wp\/v2\/media\/45436"}],"wp:attachment":[{"href":"https:\/\/vinasfm.com\/noticias\/wp-json\/wp\/v2\/media?parent=159827"}],"wp:term":[{"taxonomy":"category","embeddable":true,"href":"https:\/\/vinasfm.com\/noticias\/wp-json\/wp\/v2\/categories?post=159827"},{"taxonomy":"post_tag","embeddable":true,"href":"https:\/\/vinasfm.com\/noticias\/wp-json\/wp\/v2\/tags?post=159827"}],"curies":[{"name":"wp","href":"https:\/\/api.w.org\/{rel}","templated":true}]}}