{"id":159823,"date":"2026-04-28T10:00:40","date_gmt":"2026-04-28T13:00:40","guid":{"rendered":"https:\/\/vinasfm.com\/noticias\/?p=159823"},"modified":"2026-04-29T09:25:32","modified_gmt":"2026-04-29T12:25:32","slug":"desde-la-direccion-de-turismo-destacaron-el-gran-impacto-economico-que-dejo-el-uiltimo-torneo-de-handball-y-ya-se-proyecta-para-la-fiesta-nacional-de-la-ganaderia","status":"publish","type":"post","link":"https:\/\/vinasfm.com\/noticias\/desde-la-direccion-de-turismo-destacaron-el-gran-impacto-economico-que-dejo-el-uiltimo-torneo-de-handball-y-ya-se-proyecta-para-la-fiesta-nacional-de-la-ganaderia\/","title":{"rendered":"DESDE LA DIRECCI\u00d3N DE TURISMO DESTACARON EL GRAN IMPACTO ECON\u00d3MICO QUE DEJ\u00d3 EL \u00daILTIMO TORNEO DE HANDBALL Y YA SE PROYECTAN PARA LA FIESTA NACIONAL DE LA GANADER\u00cdA"},"content":{"rendered":"<h4><strong>Desde la organizaci\u00f3n destacaron que este tipo de encuentros no solo fortalecen el perfil deportivo del departamento, sino que tambi\u00e9n tienen un impacto directo en el comercio.<\/strong><\/h4>\n<p>Este evento durante seis d\u00edas posicion\u00f3 a<strong><span style=\"color: #800080;\"> General Alvear<\/span><\/strong> como un <strong><span style=\"color: #800080;\">destino destacado<\/span><\/strong> dentro del calendario provincial, la convocatoria <strong><span style=\"color: #800080;\">reuni\u00f3<\/span><\/strong> a <strong><span style=\"color: #800080;\">900 personas<\/span><\/strong>, entre ellas <strong><span style=\"color: #800080;\">650 deportistas<\/span><\/strong>, cuerpos t\u00e9cnicos y familiares,<strong><span style=\"color: #800080;\"> generando<\/span><\/strong> un <strong><span style=\"color: #800080;\">movimiento<\/span><\/strong> significativo en la econom\u00eda local.<\/p>\n<p>En di\u00e1logo con <span style=\"color: #000000;\">FM VI\u00d1AS<\/span>, <strong><span style=\"color: #800080;\">Gustavo Garc\u00eda<\/span><\/strong>, director de turismo de nuestro departamento destaco lo positivo de traer eventos de tal magnitud: <em><strong>&#8216;es un \u00e9xito para Alvear porque se ve reflejado en la actividad econ\u00f3mica y en el dinero que queda en la ciudad, algo fundamental en el contexto actual&#8217;<\/strong><\/em>, agreg\u00f3.<\/p>\n<p>Durante la semana, el <strong><span style=\"color: #800080;\">flujo constante<\/span><\/strong> de visitantes benefici\u00f3 a distintos sectores como lo fue en <strong><span style=\"color: #800080;\">gastronom\u00eda<\/span><\/strong>, <strong><span style=\"color: #800080;\">estaciones de servicio<\/span><\/strong>, <strong><span style=\"color: #800080;\">alojamientos<\/span><\/strong>, y <strong><span style=\"color: #800080;\">comercios en general<\/span><\/strong>:<em><strong> &#8216;un promedio de gasto de 85.000 pesos por persona, el evento dej\u00f3 entre 450 y 480 millones de pesos en el departamento&#8217;<\/strong><\/em>, inform\u00f3.<\/p>\n<p>Contin\u00faan consolid\u00e1ndose las<strong><span style=\"color: #800080;\"> \u201cnoches de costillares\u201d<\/span><\/strong>, una iniciativa gastron\u00f3mica que gana identidad propia en el departamento y que tendr\u00e1 lugar el pr\u00f3ximo 1 de mayo en Piccolo Bar.<\/p>\n<p>El pr\u00f3ximo lanzamiento oficial de la fiesta se realizar\u00e1 el d\u00eda 2 de mayo a las 10:00 H en el KM0 de la ciudad, en el informador tur\u00edstico.<\/p>\n","protected":false},"excerpt":{"rendered":"<p>Desde la organizaci\u00f3n destacaron que este tipo de encuentros no solo fortalecen el perfil deportivo del departamento, sino que tambi\u00e9n tienen &#8230;<\/p>\n","protected":false},"author":7,"featured_media":157702,"comment_status":"open","ping_status":"open","sticky":false,"template":"","format":"standard","meta":{"footnotes":""},"categories":[5,21],"tags":[],"class_list":["post-159823","post","type-post","status-publish","format-standard","has-post-thumbnail","hentry","category-actualidad","category-turismo-2"],"_links":{"self":[{"href":"https:\/\/vinasfm.com\/noticias\/wp-json\/wp\/v2\/posts\/159823","targetHints":{"allow":["GET"]}}],"collection":[{"href":"https:\/\/vinasfm.com\/noticias\/wp-json\/wp\/v2\/posts"}],"about":[{"href":"https:\/\/vinasfm.com\/noticias\/wp-json\/wp\/v2\/types\/post"}],"author":[{"embeddable":true,"href":"https:\/\/vinasfm.com\/noticias\/wp-json\/wp\/v2\/users\/7"}],"replies":[{"embeddable":true,"href":"https:\/\/vinasfm.com\/noticias\/wp-json\/wp\/v2\/comments?post=159823"}],"version-history":[{"count":3,"href":"https:\/\/vinasfm.com\/noticias\/wp-json\/wp\/v2\/posts\/159823\/revisions"}],"predecessor-version":[{"id":159826,"href":"https:\/\/vinasfm.com\/noticias\/wp-json\/wp\/v2\/posts\/159823\/revisions\/159826"}],"wp:featuredmedia":[{"embeddable":true,"href":"https:\/\/vinasfm.com\/noticias\/wp-json\/wp\/v2\/media\/157702"}],"wp:attachment":[{"href":"https:\/\/vinasfm.com\/noticias\/wp-json\/wp\/v2\/media?parent=159823"}],"wp:term":[{"taxonomy":"category","embeddable":true,"href":"https:\/\/vinasfm.com\/noticias\/wp-json\/wp\/v2\/categories?post=159823"},{"taxonomy":"post_tag","embeddable":true,"href":"https:\/\/vinasfm.com\/noticias\/wp-json\/wp\/v2\/tags?post=159823"}],"curies":[{"name":"wp","href":"https:\/\/api.w.org\/{rel}","templated":true}]}}