{"id":159804,"date":"2026-04-27T11:20:02","date_gmt":"2026-04-27T14:20:02","guid":{"rendered":"https:\/\/vinasfm.com\/noticias\/?p=159804"},"modified":"2026-04-28T11:47:30","modified_gmt":"2026-04-28T14:47:30","slug":"alumnos-del-ultimo-ano-de-secundaria-realizaran-un-manso-banderazado-en-la-plaza-departamental","status":"publish","type":"post","link":"https:\/\/vinasfm.com\/noticias\/alumnos-del-ultimo-ano-de-secundaria-realizaran-un-manso-banderazado-en-la-plaza-departamental\/","title":{"rendered":"ALUMNOS DEL \u00daLTIMO A\u00d1O DE SECUNDARIA REALIZAR\u00c1N UN MANSO BANDERAZADO EN LA PLAZA DEPARTAMENTAL"},"content":{"rendered":"<h4 data-start=\"90\" data-end=\"343\"><strong>Desde la Asesor\u00eda de la Juventud se viene trabajando en esta actividad pensada especialmente para los estudiantes de los \u00faltimos a\u00f1os de las escuelas secundarias.<\/strong><\/h4>\n<p data-start=\"345\" data-end=\"750\">La iniciativa busca <strong><span style=\"color: #800080;\">reunir a todas las promociones<\/span><\/strong> del departamento en un mismo espacio, <strong><span style=\"color: #800080;\">promoviendo<\/span><\/strong> no solo la <strong><span style=\"color: #800080;\">creatividad y expresi\u00f3n <\/span><\/strong>de los j\u00f3venes, sino tambi\u00e9n la <strong><span style=\"color: #800080;\">inclusi\u00f3n y la convivencia<\/span><\/strong> entre ellos: <em><strong>&#8216;durante el evento, los estudiantes tendr\u00e1n la oportunidad de presentarse mostrando sus camperas, banderas, mascotas y coreograf\u00edas&#8217;<\/strong><\/em>, adelant\u00f3 Milagros Nieto asesora de juventud en nuestro departamento.<\/p>\n<p data-start=\"752\" data-end=\"1127\">Esta propuesta se enmarca en una <strong><span style=\"color: #800080;\">pol\u00edtica de gesti\u00f3n<\/span><\/strong> que apunta a <strong><span style=\"color: #800080;\">acompa\u00f1ar a los j\u00f3venes<\/span><\/strong> en sus propios espacios, fomentando el encuentro y fortaleciendo los v\u00ednculos entre las distintas promociones: <em><strong>&#8216;se pone especial \u00e9nfasis integrar a aquellas escuelas que se encuentran m\u00e1s alejadas, garantizando que todos puedan ser parte&#8217;<\/strong><\/em>, agreg\u00f3.<\/p>\n<p data-start=\"1129\" data-end=\"1562\">Previo al anuncio oficial, se llevaron adelante<strong><span style=\"color: #800080;\"> diversas reuniones con delegados<\/span><\/strong> de las promociones, con el objetivo de construir el evento de manera conjunta: <em><strong>&#8216;en estos encuentros se trabaj\u00f3 no solo en la organizaci\u00f3n, sino tambi\u00e9n en pautas de convivencia, estableciendo qu\u00e9 est\u00e1 permitido y qu\u00e9 no, y escuchando las propuestas e ideas de los propios estudiantes&#8217;<\/strong><\/em>, detall\u00f3 en di\u00e1logo con FM VI\u00d1AS.<\/p>\n<p data-start=\"1564\" data-end=\"1883\">El evento ser\u00e1 el pr\u00f3ximo <strong><span style=\"color: #800080;\">domingo 3 de mayo<\/span><\/strong> a partir de <strong><span style=\"color: #800080;\">las 16:00 H<\/span><\/strong> en plaza departamental, la jornada comenzar\u00e1 con un banderazo que recorrer\u00e1 la \u00faltima cuadra de la avenida principal hasta desembocar en la plaza, donde se desarrollar\u00e1 el concurso, cada promoci\u00f3n contar\u00e1 con 8 minutos para su presentaci\u00f3n integral.<\/p>\n<p data-start=\"1885\" data-end=\"2017\">Los ganadores recibir\u00e1n<strong><span style=\"color: #800080;\"> vouchers en efectivo<\/span><\/strong> que podr\u00e1n ser utilizados de manera grupal por cada promoci\u00f3n.<\/p>\n<p data-start=\"2019\" data-end=\"2225\" data-is-last-node=\"\" data-is-only-node=\"\">\n","protected":false},"excerpt":{"rendered":"<p>Desde la Asesor\u00eda de la Juventud se viene trabajando en esta actividad pensada especialmente para los estudiantes de los \u00faltimos a\u00f1os &#8230;<\/p>\n","protected":false},"author":7,"featured_media":159806,"comment_status":"open","ping_status":"open","sticky":false,"template":"","format":"standard","meta":{"footnotes":""},"categories":[5,18],"tags":[],"class_list":["post-159804","post","type-post","status-publish","format-standard","has-post-thumbnail","hentry","category-actualidad","category-educacion"],"_links":{"self":[{"href":"https:\/\/vinasfm.com\/noticias\/wp-json\/wp\/v2\/posts\/159804","targetHints":{"allow":["GET"]}}],"collection":[{"href":"https:\/\/vinasfm.com\/noticias\/wp-json\/wp\/v2\/posts"}],"about":[{"href":"https:\/\/vinasfm.com\/noticias\/wp-json\/wp\/v2\/types\/post"}],"author":[{"embeddable":true,"href":"https:\/\/vinasfm.com\/noticias\/wp-json\/wp\/v2\/users\/7"}],"replies":[{"embeddable":true,"href":"https:\/\/vinasfm.com\/noticias\/wp-json\/wp\/v2\/comments?post=159804"}],"version-history":[{"count":2,"href":"https:\/\/vinasfm.com\/noticias\/wp-json\/wp\/v2\/posts\/159804\/revisions"}],"predecessor-version":[{"id":159808,"href":"https:\/\/vinasfm.com\/noticias\/wp-json\/wp\/v2\/posts\/159804\/revisions\/159808"}],"wp:featuredmedia":[{"embeddable":true,"href":"https:\/\/vinasfm.com\/noticias\/wp-json\/wp\/v2\/media\/159806"}],"wp:attachment":[{"href":"https:\/\/vinasfm.com\/noticias\/wp-json\/wp\/v2\/media?parent=159804"}],"wp:term":[{"taxonomy":"category","embeddable":true,"href":"https:\/\/vinasfm.com\/noticias\/wp-json\/wp\/v2\/categories?post=159804"},{"taxonomy":"post_tag","embeddable":true,"href":"https:\/\/vinasfm.com\/noticias\/wp-json\/wp\/v2\/tags?post=159804"}],"curies":[{"name":"wp","href":"https:\/\/api.w.org\/{rel}","templated":true}]}}