{"id":159566,"date":"2026-04-20T10:07:41","date_gmt":"2026-04-20T13:07:41","guid":{"rendered":"https:\/\/vinasfm.com\/noticias\/?p=159566"},"modified":"2026-04-21T09:29:36","modified_gmt":"2026-04-21T12:29:36","slug":"el-2o-festival-de-tango-sumo-actividades-durante-tres-jornadas","status":"publish","type":"post","link":"https:\/\/vinasfm.com\/noticias\/el-2o-festival-de-tango-sumo-actividades-durante-tres-jornadas\/","title":{"rendered":"EL 2\u00ba FESTIVAL DE TANGO SUM\u00d3 ACTIVIDADES DURANTE TRES JORNADAS"},"content":{"rendered":"<h4><strong>Durante viernes, s\u00e1bado y domingo se desarroll\u00f3 el 2\u00b0 Festival de Tango, con una agenda que incluy\u00f3 propuestas culturales y formativas en distintos espacios del departamento. <\/strong><\/h4>\n<p>El inicio tuvo lugar el viernes en el teatro Antonio Lafalla, con la presentaci\u00f3n del libro de<strong><span style=\"color: #800080;\"> Jos\u00e9 Niemetz<\/span><\/strong> y la participaci\u00f3n del bandoneonista <strong><span style=\"color: #800080;\">Alberto Ortiz<\/span><\/strong>.<\/p>\n<p>El s\u00e1bado continuaron las actividades con capacitaciones a cargo del bailar\u00edn <strong><span style=\"color: #800080;\">Juan Pablo Guerrera<\/span><\/strong>, destinadas a principiantes y p\u00fablico en general. Luego se realiz\u00f3 un espect\u00e1culo con presentaciones de<strong><span style=\"color: #800080;\"> Al Sur Tango<\/span><\/strong> y<strong><span style=\"color: #800080;\"> Ra\u00fal C\u00e1ceres<\/span><\/strong>, adem\u00e1s de una milonga abierta y la entrega de reconocimientos a participantes.<\/p>\n<p>Guerrera explic\u00f3:<em><strong> \u201cdimos una clase de tango pista, con buena participaci\u00f3n y contenidos b\u00e1sicos para que puedan sumarse al baile social\u201d<\/strong><\/em>.<\/p>\n<p>El cierre fue el domingo con la presentaci\u00f3n del elenco Unn\u00ed y la obra de teatro:<strong><span style=\"color: #800080;\"> \u201cAmor y Tango\u201d<\/span><\/strong>, en el mismo espacio.<\/p>\n<p>La directora de Cultura, <strong><span style=\"color: #800080;\">Mar\u00eda Delia Achetoni<\/span><\/strong> destac\u00f3 la convocatoria sostenida durante las tres jornadas, as\u00ed como la diversidad de propuestas que permitieron acercar el tango a vecinos de distintas edades.<\/p>\n","protected":false},"excerpt":{"rendered":"<p>Durante viernes, s\u00e1bado y domingo se desarroll\u00f3 el 2\u00b0 Festival de Tango, con una agenda que incluy\u00f3 propuestas culturales y formativas &#8230;<\/p>\n","protected":false},"author":7,"featured_media":159572,"comment_status":"open","ping_status":"open","sticky":false,"template":"","format":"standard","meta":{"footnotes":""},"categories":[5,19],"tags":[],"class_list":["post-159566","post","type-post","status-publish","format-standard","has-post-thumbnail","hentry","category-actualidad","category-cultura"],"_links":{"self":[{"href":"https:\/\/vinasfm.com\/noticias\/wp-json\/wp\/v2\/posts\/159566","targetHints":{"allow":["GET"]}}],"collection":[{"href":"https:\/\/vinasfm.com\/noticias\/wp-json\/wp\/v2\/posts"}],"about":[{"href":"https:\/\/vinasfm.com\/noticias\/wp-json\/wp\/v2\/types\/post"}],"author":[{"embeddable":true,"href":"https:\/\/vinasfm.com\/noticias\/wp-json\/wp\/v2\/users\/7"}],"replies":[{"embeddable":true,"href":"https:\/\/vinasfm.com\/noticias\/wp-json\/wp\/v2\/comments?post=159566"}],"version-history":[{"count":3,"href":"https:\/\/vinasfm.com\/noticias\/wp-json\/wp\/v2\/posts\/159566\/revisions"}],"predecessor-version":[{"id":159580,"href":"https:\/\/vinasfm.com\/noticias\/wp-json\/wp\/v2\/posts\/159566\/revisions\/159580"}],"wp:featuredmedia":[{"embeddable":true,"href":"https:\/\/vinasfm.com\/noticias\/wp-json\/wp\/v2\/media\/159572"}],"wp:attachment":[{"href":"https:\/\/vinasfm.com\/noticias\/wp-json\/wp\/v2\/media?parent=159566"}],"wp:term":[{"taxonomy":"category","embeddable":true,"href":"https:\/\/vinasfm.com\/noticias\/wp-json\/wp\/v2\/categories?post=159566"},{"taxonomy":"post_tag","embeddable":true,"href":"https:\/\/vinasfm.com\/noticias\/wp-json\/wp\/v2\/tags?post=159566"}],"curies":[{"name":"wp","href":"https:\/\/api.w.org\/{rel}","templated":true}]}}