{"id":159558,"date":"2026-04-19T21:30:10","date_gmt":"2026-04-20T00:30:10","guid":{"rendered":"https:\/\/vinasfm.com\/noticias\/?p=159558"},"modified":"2026-04-20T13:20:53","modified_gmt":"2026-04-20T16:20:53","slug":"lorena-cuello-campeona-nacional-de-la-media-maraton-en-la-pampa","status":"publish","type":"post","link":"https:\/\/vinasfm.com\/noticias\/lorena-cuello-campeona-nacional-de-la-media-maraton-en-la-pampa\/","title":{"rendered":"LORENA CUELLO CAMPEONA NACIONAL DE LA MEDIA MARAT\u00d3N EN LA PAMPA"},"content":{"rendered":"<article class=\"article-body article-body--first-paragraph\">\n<h4 data-start=\"537\" data-end=\"754\"><strong>La atleta alvearense\u00a0Lorena Cuello se consagr\u00f3 campeona nacional de medio marat\u00f3n\u00a0en la tradicional competencia\u00a0\u201cA Pampa Traviesa\u201d, tras una\u00a0hist\u00f3rica\u00a0actuaci\u00f3n, que la llev\u00f3 a marcar un nuevo r\u00e9cord mendocino. Una marca hist\u00f3rica para ella y una performance inolvidable para traerse un t\u00edtulo cargado de emoci\u00f3n.<\/strong><\/h4>\n<\/article>\n<article class=\"article-body article-body--second-paragraph\">\n<p data-start=\"930\" data-end=\"1090\">En di\u00e1logo con medios mendocinos , Cuello habl\u00f3 sobre la carrera y, especialmente, sobre la emoci\u00f3n que le gener\u00f3 un triunfo por el que trabaj\u00f3 con cuerpo y alma. <strong data-start=\"1092\" data-end=\"1184\">\u201cLlegu\u00e9 muy emocionada, la verdad que sigo emocionada, casi que me quiebro cuando hablo\u201d<\/strong>, expres\u00f3, a\u00fan conmovida, tras cruzar la meta.<\/p>\n<article class=\"article-body article-body--second-paragraph\">No se trat\u00f3 de una victoria m\u00e1s.\u00a0<strong data-start=\"1285\" data-end=\"1374\">La corredora local tambi\u00e9n mejor\u00f3 su marca personal y estableci\u00f3 un nuevo r\u00e9cord mendocino<\/strong>, consolidando una jornada inolvidable.<\/article>\n<article class=\"article-body article-body--second-paragraph\">\n<p data-start=\"1415\" data-end=\"1627\">Su tiempo, seg\u00fan su reloj, fue de\u00a0<strong data-start=\"1449\" data-end=\"1485\">1 hora, 16 minutos y 39 segundos<\/strong>, registro que le permiti\u00f3 no solo quedarse con el primer puesto, sino tambi\u00e9n\u00a0<strong data-start=\"1564\" data-end=\"1626\">escribir su nombre en la historia del atletismo de Mendoza<\/strong>.<\/p>\n<p data-start=\"1629\" data-end=\"1918\">La propia atleta reconoci\u00f3 que no esperaba un resultado de ese nivel.\u00a0<strong data-start=\"1714\" data-end=\"1910\">\u201cNo pens\u00e9 que iba a poder hacer mi mejor marca personal en 21k y bajar el r\u00e9cord mendocino, y adem\u00e1s quedarme con el campeonato nacional. La verdad que es un sue\u00f1o, todav\u00eda lo estoy procesando\u201d<\/strong>, cont\u00f3.<\/p>\n<h2 data-section-id=\"1ou1kzy\" data-start=\"1920\" data-end=\"1964\"><strong>La emoci\u00f3n de Lorena Cuello tras el hist\u00f3rico triunfo el marat\u00f3n de La Pampa<\/strong><\/h2>\n<p data-start=\"1966\" data-end=\"2091\">La alvearense tambi\u00e9n relat\u00f3 c\u00f3mo fue el camino previo a la competencia y lo que signific\u00f3 poder correr por primera vez en La Pampa.\u00a0<strong data-start=\"2093\" data-end=\"2307\">\u201cEstoy muy feliz porque es la primera vez que corro ac\u00e1. Siempre se me interpon\u00edan otras carreras o estaba lesionada. Hace unos dos meses lo empezamos a planear con mi entrenador y me ilusionaba con poder ganar\u201d<\/strong>, explic\u00f3.<\/p>\n<p data-start=\"2319\" data-end=\"2514\">Adem\u00e1s, destac\u00f3 el esfuerzo que implic\u00f3 llegar en este nivel:\u00a0<strong data-start=\"2383\" data-end=\"2513\">\u201cHan sido meses de mucho esfuerzo, de d\u00edas buenos y d\u00edas malos entrenando, y de saber superarlos y seguir siempre en positivo\u201d<\/strong>.<\/p>\n<p data-start=\"2516\" data-end=\"2711\">En ese sentido, valor\u00f3 lo que significa el resultado despu\u00e9s de tanto trabajo.\u00a0<strong data-start=\"2597\" data-end=\"2698\">\u201cCuando uno sabe lo que le cuesta, cuando las cosas salen valen el doble o el triple\u201d<\/strong>, reflexion\u00f3.<\/p>\n<h2 data-section-id=\"4jflmi\" data-start=\"2713\" data-end=\"2742\"><strong>El equipo detr\u00e1s del logro<\/strong><\/h2>\n<p>Detr\u00e1s de este triunfo hay\u00a0<strong>un equipo fundamental<\/strong>. Cuello no dud\u00f3 en reconocer a quienes la acompa\u00f1aron en el proceso:\u00a0<strong>su entrenador Gustavo P\u00e9rez<\/strong>, quien estuvo atento a cada detalle del entrenamiento; su\u00a0<strong>familia y amigos<\/strong>; adem\u00e1s de\u00a0<strong>sponsors, kinesi\u00f3logos y masajistas<\/strong>\u00a0que fueron parte clave en su recuperaci\u00f3n y preparaci\u00f3n.<\/p>\n<p>La consagraci\u00f3n de Lorena Cuello no solo marca un nuevo hito en su carrera deportiva, sino que tambi\u00e9n representa\u00a0<strong>un motivo de orgullo para toda la comunidad alvearense y mendocina<\/strong>, que celebra junto a ella este logro hist\u00f3rico.<\/p>\n<p data-start=\"3437\" data-end=\"3595\">La atleta tambi\u00e9n puso en valor lo que significa este logro a nivel local.\u00a0<strong data-start=\"3514\" data-end=\"3587\">\u201cFeliz de haber dejado a Alvear y a Mendoza en lo m\u00e1s alto del podio\u201d<\/strong>, cerr\u00f3.<\/p>\n<h2 data-section-id=\"5f80b4\" data-start=\"3713\" data-end=\"3751\"><strong>Todos los ganadores de \u201cA Pampa Traviesa\u201d<\/strong><\/h2>\n<p data-start=\"3753\" data-end=\"3870\">La competencia se desarroll\u00f3 este domingo en la ciudad de Santa Rosa, con una gran convocatoria de atletas y p\u00fablico.<\/p>\n<p data-start=\"3872\" data-end=\"3927\">En la distancia de 42 kil\u00f3metros, los ganadores fueron:<\/p>\n<ul data-start=\"3929\" data-end=\"4049\">\n<li data-section-id=\"1s1eyv5\" data-start=\"3929\" data-end=\"3993\"><strong data-start=\"3931\" data-end=\"3948\">Lucas Machado<\/strong>, de Bah\u00eda Blanca, con un tiempo de 2:22:09<\/li>\n<li data-section-id=\"1m9exv5\" data-start=\"3994\" data-end=\"4049\"><strong data-start=\"3996\" data-end=\"4014\">Angelina Reyes<\/strong>, de Trenque Lauquen, con 2:48:55<\/li>\n<\/ul>\n<p data-start=\"4051\" data-end=\"4139\">En los 21 kil\u00f3metros, adem\u00e1s del triunfo de Cuello, el primer puesto masculino fue para:<\/p>\n<ul data-start=\"4141\" data-end=\"4189\">\n<li data-section-id=\"1i4wdhl\" data-start=\"4141\" data-end=\"4189\"><strong data-start=\"4143\" data-end=\"4161\">Manuel C\u00f3rsico<\/strong>, con un tiempo de 1:03:07<\/li>\n<\/ul>\n<p data-start=\"4191\" data-end=\"4369\">La marat\u00f3n \u201cA Pampa Traviesa\u201d volvi\u00f3 a consolidarse como\u00a0<strong data-start=\"4248\" data-end=\"4295\">uno de los eventos m\u00e1s importantes del pa\u00eds<\/strong>, reuniendo a corredores de distintos puntos en una competencia hist\u00f3rica.<\/p>\n<\/article>\n<\/article>\n","protected":false},"excerpt":{"rendered":"<p>La atleta alvearense\u00a0Lorena Cuello se consagr\u00f3 campeona nacional de medio marat\u00f3n\u00a0en la tradicional competencia\u00a0\u201cA Pampa Traviesa\u201d, tras una\u00a0hist\u00f3rica\u00a0actuaci\u00f3n, que la llev\u00f3 &#8230;<\/p>\n","protected":false},"author":7,"featured_media":159559,"comment_status":"open","ping_status":"open","sticky":false,"template":"","format":"standard","meta":{"footnotes":""},"categories":[5,3],"tags":[],"class_list":["post-159558","post","type-post","status-publish","format-standard","has-post-thumbnail","hentry","category-actualidad","category-deportes"],"_links":{"self":[{"href":"https:\/\/vinasfm.com\/noticias\/wp-json\/wp\/v2\/posts\/159558","targetHints":{"allow":["GET"]}}],"collection":[{"href":"https:\/\/vinasfm.com\/noticias\/wp-json\/wp\/v2\/posts"}],"about":[{"href":"https:\/\/vinasfm.com\/noticias\/wp-json\/wp\/v2\/types\/post"}],"author":[{"embeddable":true,"href":"https:\/\/vinasfm.com\/noticias\/wp-json\/wp\/v2\/users\/7"}],"replies":[{"embeddable":true,"href":"https:\/\/vinasfm.com\/noticias\/wp-json\/wp\/v2\/comments?post=159558"}],"version-history":[{"count":2,"href":"https:\/\/vinasfm.com\/noticias\/wp-json\/wp\/v2\/posts\/159558\/revisions"}],"predecessor-version":[{"id":159585,"href":"https:\/\/vinasfm.com\/noticias\/wp-json\/wp\/v2\/posts\/159558\/revisions\/159585"}],"wp:featuredmedia":[{"embeddable":true,"href":"https:\/\/vinasfm.com\/noticias\/wp-json\/wp\/v2\/media\/159559"}],"wp:attachment":[{"href":"https:\/\/vinasfm.com\/noticias\/wp-json\/wp\/v2\/media?parent=159558"}],"wp:term":[{"taxonomy":"category","embeddable":true,"href":"https:\/\/vinasfm.com\/noticias\/wp-json\/wp\/v2\/categories?post=159558"},{"taxonomy":"post_tag","embeddable":true,"href":"https:\/\/vinasfm.com\/noticias\/wp-json\/wp\/v2\/tags?post=159558"}],"curies":[{"name":"wp","href":"https:\/\/api.w.org\/{rel}","templated":true}]}}