{"id":159540,"date":"2026-04-18T10:29:39","date_gmt":"2026-04-18T13:29:39","guid":{"rendered":"https:\/\/vinasfm.com\/noticias\/?p=159540"},"modified":"2026-04-20T10:07:34","modified_gmt":"2026-04-20T13:07:34","slug":"accidente-vial-en-alvear-una-motociclista-resulto-lesionada","status":"publish","type":"post","link":"https:\/\/vinasfm.com\/noticias\/accidente-vial-en-alvear-una-motociclista-resulto-lesionada\/","title":{"rendered":"ACCIDENTE VIAL EN ALVEAR: UNA MOTOCICLISTA RESULT\u00d3 LESIONADA"},"content":{"rendered":"<h4><strong>Un siniestro vial se registr\u00f3 cerca de las 23:44 hs del viernes en la intersecci\u00f3n de calles Washington Ojeda y Caseros, en General Alvear, donde colisionaron un autom\u00f3vil y una motocicleta.<\/strong><\/h4>\n<p>Seg\u00fan la informaci\u00f3n oficial, el rodado menor circulaba por calle Caseros y, por causas que a\u00fan se investigan, impact\u00f3 con un veh\u00edculo que lo hac\u00eda por Washington Ojeda.<\/p>\n<p>Como consecuencia del choque, la conductora de la motocicleta, identificada como M. O. N. V. (68), sufri\u00f3 diversas lesiones. Fue asistida en el lugar por personal de emergencias y posteriormente trasladada a un hospital, donde los profesionales le diagnosticaron politraumatismos leves, una escoriaci\u00f3n en una pierna y un hematoma en uno de sus brazos.<\/p>\n<p>Por su parte, la conductora del autom\u00f3vil, G. M. M. I. (35), result\u00f3 ilesa. De acuerdo a lo informado, ambas partes contaban con la documentaci\u00f3n correspondiente al momento del hecho.<\/p>\n<p>Las autoridades trabajan para determinar la mec\u00e1nica del accidente.<\/p>\n","protected":false},"excerpt":{"rendered":"<p>Un siniestro vial se registr\u00f3 cerca de las 23:44 hs del viernes en la intersecci\u00f3n de calles Washington Ojeda y Caseros, &#8230;<\/p>\n","protected":false},"author":7,"featured_media":145639,"comment_status":"open","ping_status":"open","sticky":false,"template":"","format":"standard","meta":{"footnotes":""},"categories":[5,4],"tags":[],"class_list":["post-159540","post","type-post","status-publish","format-standard","has-post-thumbnail","hentry","category-actualidad","category-policiales"],"_links":{"self":[{"href":"https:\/\/vinasfm.com\/noticias\/wp-json\/wp\/v2\/posts\/159540","targetHints":{"allow":["GET"]}}],"collection":[{"href":"https:\/\/vinasfm.com\/noticias\/wp-json\/wp\/v2\/posts"}],"about":[{"href":"https:\/\/vinasfm.com\/noticias\/wp-json\/wp\/v2\/types\/post"}],"author":[{"embeddable":true,"href":"https:\/\/vinasfm.com\/noticias\/wp-json\/wp\/v2\/users\/7"}],"replies":[{"embeddable":true,"href":"https:\/\/vinasfm.com\/noticias\/wp-json\/wp\/v2\/comments?post=159540"}],"version-history":[{"count":1,"href":"https:\/\/vinasfm.com\/noticias\/wp-json\/wp\/v2\/posts\/159540\/revisions"}],"predecessor-version":[{"id":159541,"href":"https:\/\/vinasfm.com\/noticias\/wp-json\/wp\/v2\/posts\/159540\/revisions\/159541"}],"wp:featuredmedia":[{"embeddable":true,"href":"https:\/\/vinasfm.com\/noticias\/wp-json\/wp\/v2\/media\/145639"}],"wp:attachment":[{"href":"https:\/\/vinasfm.com\/noticias\/wp-json\/wp\/v2\/media?parent=159540"}],"wp:term":[{"taxonomy":"category","embeddable":true,"href":"https:\/\/vinasfm.com\/noticias\/wp-json\/wp\/v2\/categories?post=159540"},{"taxonomy":"post_tag","embeddable":true,"href":"https:\/\/vinasfm.com\/noticias\/wp-json\/wp\/v2\/tags?post=159540"}],"curies":[{"name":"wp","href":"https:\/\/api.w.org\/{rel}","templated":true}]}}