{"id":159523,"date":"2026-04-17T10:53:05","date_gmt":"2026-04-17T13:53:05","guid":{"rendered":"https:\/\/vinasfm.com\/noticias\/?p=159523"},"modified":"2026-04-18T11:41:23","modified_gmt":"2026-04-18T14:41:23","slug":"expo-salud-en-general-alvear-controles-consejos-y-actividades-para-toda-la-comunidad","status":"publish","type":"post","link":"https:\/\/vinasfm.com\/noticias\/expo-salud-en-general-alvear-controles-consejos-y-actividades-para-toda-la-comunidad\/","title":{"rendered":"EXPO SALUD EN GENERAL ALVEAR: CONTROLES, CONSEJOS Y ACTIVIDADES PARA TODA LA COMUNIDAD"},"content":{"rendered":"<h4><strong>Este domingo 19 de abril desde las 16:00 hs se realizar\u00e1 una Expo Salud abierta y gratuita para toda la comunidad de General Alvear, la propuesta contar\u00e1 con la participaci\u00f3n de un equipo interdisciplinario de profesionales del Centro de Salud Los P\u00e1mpanos, provenientes de San Rafael.<\/strong><\/h4>\n<p>Durante la jornada, los asistentes podr\u00e1n acceder sin costo a distintos <strong><span style=\"color: #800080;\">controles b\u00e1sicos<\/span><\/strong> como <strong><span style=\"color: #800080;\">presi\u00f3n arterial<\/span><\/strong>, <strong><span style=\"color: #800080;\">peso<\/span><\/strong>, <strong><span style=\"color: #800080;\">altura<\/span><\/strong> y <strong><span style=\"color: #800080;\">medici\u00f3n de grasa corporal<\/span><\/strong>, adem\u00e1s de material informativo.<\/p>\n<p>Desde la organizaci\u00f3n aclararon que <strong><span style=\"color: #800080;\">no se tratar\u00e1 de un consultorio m\u00e9dico<\/span><\/strong>, por lo que <strong><span style=\"color: #800080;\">no se realizar\u00e1n diagn\u00f3sticos ni atenciones particulares<\/span><\/strong> como en una consulta tradicional.<\/p>\n<p>El <strong><span style=\"color: #333399;\">Centro de Salud Los P\u00e1mpanos<\/span><\/strong>, ubicado en la zona de <strong><span style=\"color: #333399;\">Rama Ca\u00edda<\/span><\/strong>, en San Rafael, ofrece <strong><span style=\"color: #333399;\">programas integrales<\/span><\/strong> vinculados a h\u00e1bitos saludables, similares a los que se desarrollan en reconocidos espacios como el Centro de Vida Sana del Sanatorio Adventista del Plata.<\/p>\n<p>La actividad es organizada por la <strong><span style=\"color: #333399;\">Iglesia Adventista del S\u00e9ptimo D\u00eda<\/span><\/strong> y se llevar\u00e1 a cabo en la plaza departamental, con autorizaci\u00f3n del municipio.<\/p>\n<p>Desde la instituci\u00f3n remarcaron que la iniciativa est\u00e1 destinada a todo p\u00fablico y enfocada exclusivamente en la promoci\u00f3n de la salud.<\/p>\n","protected":false},"excerpt":{"rendered":"<p>Este domingo 19 de abril desde las 16:00 hs se realizar\u00e1 una Expo Salud abierta y gratuita para toda la comunidad &#8230;<\/p>\n","protected":false},"author":7,"featured_media":159528,"comment_status":"open","ping_status":"open","sticky":false,"template":"","format":"standard","meta":{"footnotes":""},"categories":[5,15],"tags":[],"class_list":["post-159523","post","type-post","status-publish","format-standard","has-post-thumbnail","hentry","category-actualidad","category-salud"],"_links":{"self":[{"href":"https:\/\/vinasfm.com\/noticias\/wp-json\/wp\/v2\/posts\/159523","targetHints":{"allow":["GET"]}}],"collection":[{"href":"https:\/\/vinasfm.com\/noticias\/wp-json\/wp\/v2\/posts"}],"about":[{"href":"https:\/\/vinasfm.com\/noticias\/wp-json\/wp\/v2\/types\/post"}],"author":[{"embeddable":true,"href":"https:\/\/vinasfm.com\/noticias\/wp-json\/wp\/v2\/users\/7"}],"replies":[{"embeddable":true,"href":"https:\/\/vinasfm.com\/noticias\/wp-json\/wp\/v2\/comments?post=159523"}],"version-history":[{"count":1,"href":"https:\/\/vinasfm.com\/noticias\/wp-json\/wp\/v2\/posts\/159523\/revisions"}],"predecessor-version":[{"id":159524,"href":"https:\/\/vinasfm.com\/noticias\/wp-json\/wp\/v2\/posts\/159523\/revisions\/159524"}],"wp:featuredmedia":[{"embeddable":true,"href":"https:\/\/vinasfm.com\/noticias\/wp-json\/wp\/v2\/media\/159528"}],"wp:attachment":[{"href":"https:\/\/vinasfm.com\/noticias\/wp-json\/wp\/v2\/media?parent=159523"}],"wp:term":[{"taxonomy":"category","embeddable":true,"href":"https:\/\/vinasfm.com\/noticias\/wp-json\/wp\/v2\/categories?post=159523"},{"taxonomy":"post_tag","embeddable":true,"href":"https:\/\/vinasfm.com\/noticias\/wp-json\/wp\/v2\/tags?post=159523"}],"curies":[{"name":"wp","href":"https:\/\/api.w.org\/{rel}","templated":true}]}}