{"id":159467,"date":"2026-04-15T12:00:09","date_gmt":"2026-04-15T15:00:09","guid":{"rendered":"https:\/\/vinasfm.com\/noticias\/?p=159467"},"modified":"2026-04-16T10:21:47","modified_gmt":"2026-04-16T13:21:47","slug":"se-desarrollo-una-capacitacion-para-emprendedores-de-la-economia-social","status":"publish","type":"post","link":"https:\/\/vinasfm.com\/noticias\/se-desarrollo-una-capacitacion-para-emprendedores-de-la-economia-social\/","title":{"rendered":"SE DESARROLL\u00d3 UNA CAPACITACI\u00d3N PARA EMPRENDEDORES DE LA ECONOM\u00cdA SOCIAL"},"content":{"rendered":"<h4>En Casa Salonia se llev\u00f3 a cabo una jornada del Plan Integral de Capacitaciones para emprendedores de la econom\u00eda social, una iniciativa impulsada por el Gobierno de Mendoza que recorre los distintos departamentos de la provincia. La propuesta, que se realiz\u00f3 este mi\u00e9rcoles, reuni\u00f3 a emprendedores y artesanos del departamento.<\/h4>\n<p>Estuvo orientada a brindar herramientas pr\u00e1cticas para fortalecer proyectos productivos locales y acompa\u00f1ar a quienes inician o consolidan sus actividades.<\/p>\n<p>Mariela Carduz, del \u00e1rea de Econom\u00eda Social del municipio, destac\u00f3 la importancia de la actividad: \u201ces una herramienta fundamental para nuestros emprendedores locales\u201d. Adem\u00e1s, valor\u00f3 el respaldo institucional: \u201cqueremos agradecer el acompa\u00f1amiento en estas pol\u00edticas p\u00fablicas que buscan fortalecer a los emprendedores y mejorar su calidad de vida\u201d.<\/p>\n<p>Por su parte, Gustavo Gonz\u00e1lez, integrante del equipo provincial, explic\u00f3 el alcance del programa: \u201ceste plan lo realizamos en todos los departamentos de la provincia, con la expectativa de estar al menos una vez al a\u00f1o en cada uno\u201d. En relaci\u00f3n a los contenidos, detall\u00f3: \u201cincluye temas de econom\u00eda social, plan de negocios, comercializaci\u00f3n, registraci\u00f3n impositiva, c\u00e1lculo de costos y precios\u201d, y agreg\u00f3 que se trata de \u201cherramientas b\u00e1sicas para quienes ya emprenden o est\u00e1n por comenzar\u201d.<\/p>\n<p>En cuanto al contexto actual, remarc\u00f3 el crecimiento del sector: \u201cest\u00e1 en un proceso de franco crecimiento, con cada vez m\u00e1s personas que optan por desarrollar su propio trabajo o generar nuevos ingresos\u201d.<\/p>\n<p>Tambi\u00e9n se\u00f1al\u00f3 que existen distintas l\u00edneas de apoyo no solo econ\u00f3micas, sino tambi\u00e9n espacios de comercializaci\u00f3n y difusi\u00f3n para acompa\u00f1ar a los emprendedores.<\/p>\n<p>La capacitaci\u00f3n forma parte de una estrategia integral que busca promover el desarrollo de la econom\u00eda social mediante instancias de formaci\u00f3n, asistencia t\u00e9cnica y acompa\u00f1amiento sostenido en todo el territorio.<\/p>\n","protected":false},"excerpt":{"rendered":"<p>En Casa Salonia se llev\u00f3 a cabo una jornada del Plan Integral de Capacitaciones para emprendedores de la econom\u00eda social, una &#8230;<\/p>\n","protected":false},"author":7,"featured_media":159468,"comment_status":"open","ping_status":"open","sticky":false,"template":"","format":"standard","meta":{"footnotes":""},"categories":[5,31],"tags":[],"class_list":["post-159467","post","type-post","status-publish","format-standard","has-post-thumbnail","hentry","category-actualidad","category-desarrollo-social"],"_links":{"self":[{"href":"https:\/\/vinasfm.com\/noticias\/wp-json\/wp\/v2\/posts\/159467","targetHints":{"allow":["GET"]}}],"collection":[{"href":"https:\/\/vinasfm.com\/noticias\/wp-json\/wp\/v2\/posts"}],"about":[{"href":"https:\/\/vinasfm.com\/noticias\/wp-json\/wp\/v2\/types\/post"}],"author":[{"embeddable":true,"href":"https:\/\/vinasfm.com\/noticias\/wp-json\/wp\/v2\/users\/7"}],"replies":[{"embeddable":true,"href":"https:\/\/vinasfm.com\/noticias\/wp-json\/wp\/v2\/comments?post=159467"}],"version-history":[{"count":1,"href":"https:\/\/vinasfm.com\/noticias\/wp-json\/wp\/v2\/posts\/159467\/revisions"}],"predecessor-version":[{"id":159469,"href":"https:\/\/vinasfm.com\/noticias\/wp-json\/wp\/v2\/posts\/159467\/revisions\/159469"}],"wp:featuredmedia":[{"embeddable":true,"href":"https:\/\/vinasfm.com\/noticias\/wp-json\/wp\/v2\/media\/159468"}],"wp:attachment":[{"href":"https:\/\/vinasfm.com\/noticias\/wp-json\/wp\/v2\/media?parent=159467"}],"wp:term":[{"taxonomy":"category","embeddable":true,"href":"https:\/\/vinasfm.com\/noticias\/wp-json\/wp\/v2\/categories?post=159467"},{"taxonomy":"post_tag","embeddable":true,"href":"https:\/\/vinasfm.com\/noticias\/wp-json\/wp\/v2\/tags?post=159467"}],"curies":[{"name":"wp","href":"https:\/\/api.w.org\/{rel}","templated":true}]}}