{"id":159439,"date":"2026-04-15T09:00:21","date_gmt":"2026-04-15T12:00:21","guid":{"rendered":"https:\/\/vinasfm.com\/noticias\/?p=159439"},"modified":"2026-04-15T12:00:08","modified_gmt":"2026-04-15T15:00:08","slug":"nota-de-opinion-por-enrique-mario-barrera-sur-mendocino-salgamos-del-agujero-en-el-que-estamos","status":"publish","type":"post","link":"https:\/\/vinasfm.com\/noticias\/nota-de-opinion-por-enrique-mario-barrera-sur-mendocino-salgamos-del-agujero-en-el-que-estamos\/","title":{"rendered":"NOTA DE OPINI\u00d3N POR ENRIQUE MARIO BARRERA: SUR MENDOCINO, SALGAMOS DEL AGUJERO EN EL QUE ESTAMOS"},"content":{"rendered":"<h4>Todos sabemos lo que padece la sociedad del sur provincial; vemos a\u00f1o a a\u00f1o la disminuci\u00f3n de inversi\u00f3n en el campo productivo, cada vez menos uva en la zona, frutas que siguen en la planta por falta de rentabilidad, fincas que se abandonan, nuestra gente del campo con tanta voluntad y sin embargo no se le ayuda a sacar su producci\u00f3n porque el sur mendocino est\u00e1 encerrado en un agujero y sin salidas geogr\u00e1ficas decentes desde hace muchas d\u00e9cadas.<\/h4>\n<p>Disculpen que exprese aqu\u00ed \u201cel versito\u201d de siempre, Ruta 40 en el sur destruida, puente de tr\u00e1nsito internacional sobre el R\u00edo Malarg\u00fce de 4 metros de ancho y con estructura obsoleta y hasta la RN 151 en el oeste pampeano la tenemos en contra y por supuesto que todo eso no nos permite relacionarnos con la Patagonia en ning\u00fan sentido. Hacia el oeste el Paso Pehuenche con la ruta RN145 no habilitada para transporte de cargas generales y ahora la reparaci\u00f3n de la RN 143 San Rafael a Pareditas que se informa que su conclusi\u00f3n se demorar\u00e1 unos meses m\u00e1s, esperemos que con ello no aparezcan sobrecostos o actualizaciones que siempre se pueden evitar pero que para muchos es una tentaci\u00f3n.<\/p>\n<p>Sigamos, proyectos que ni siquiera se han movido en los \u00faltimos a\u00f1os, T\u00fanel de Baja Altura Las Le\u00f1as, el ferrocarril que se presenta con ideas y anteproyectos y no se avanza nunca sobre el terreno, por supuesto que la dif\u00edcil situaci\u00f3n econ\u00f3mica actual influye pero siempre est\u00e1 la posibilidad de que el empresariado privado nacional o extranjero haga su parte en este tiempo mientras el comercio internacional se mueve vertiginosamente en el mundo, menos en el sur mendocino.<\/p>\n<p>Pero no es todo negativo lo que nos pasa en el sur mendocino a pesar de las adversidades que se han mencionado y las que faltar\u00edan enumerar.<\/p>\n<p>Se ve a instituciones gubernamentales y privadas manteniendo los reclamos sure\u00f1os en la palestra y a veces \u00e9stos se encaminan y quedan frenados en instancias superiores, pero la voluntad de mejorar las cosas siempre est\u00e1.<\/p>\n<p>Hay un tramo de la Ruta Nacional 40 que da verg\u00fcenza (entre otros) y necesitan soluci\u00f3n urgente, comienza a la salida sur de la ciudad de Malarg\u00fce y llega a Bardas Blancas en el empalme con la RN 145 que va a El Pehuenche, salvo la Cuesta del Chihuido; por ah\u00ed pasa el turismo internacional que viene desde Chile y es paso obligado de muchos lugare\u00f1os que deben soportar ese abandono todos los d\u00edas de su vida, urge que se haga algo al respecto.<\/p>\n<p>Al haber d\u00e9ficit de rutas de calidad para sacar productos de la regi\u00f3n y al faltar conexi\u00f3n ferroviaria que nos conecte con el mundo solo queda analizar el ingreso y salida a\u00e9rea de nuestro comercio y en eso tambi\u00e9n estamos atrasados a pesar de los valiosos intentos de instalar el tema que lleva adelante el grupo de medios de Diario San Rafael con su FM Vos incluida; desde hace muchos a\u00f1os solicita que San Rafael tenga un aeropuerto capaz de recibir vuelos internacionales y no se ve que alguna instituci\u00f3n p\u00fablica ni privada impulse esa idea para concretarla.<\/p>\n<p>Precisamente esos medios locales entrevistaron, en estos d\u00edas, al director regional del Fondo de Solidaridad e Inversi\u00f3n Social de Chile, Carlos Vergara Zerega en una nota titulada \u201cImpulsan la integraci\u00f3n regional con Chile con la conectividad como eje a mejorar\u201d publicada por Diario San Rafael el 14 de Abril del corriente a\u00f1o; imperdible reportaje que aporta datos para seguir avanzando en encontrar soluciones viales, ferroviarias y aeroportuaria que alguna vez nos saque del \u201cagujero del sur mendocino\u201d en el que nos encontramos por falta de voluntad de actores pol\u00edticos de los sucesivos gobiernos provinciales que hemos tenido y de gobernantes nacionales, incluidos muchos legisladores provinciales y nacionales que deber\u00edan actuar m\u00e1s din\u00e1micamente impulsando nuestras necesidades, hay varios de ellos que pertenecen a nuestra regi\u00f3n.<\/p>\n<p>El sur de Mendoza est\u00e1 trabajando al m\u00ednimo de su potencialidad y debemos revertir eso, la voluntad de los habitantes de la regi\u00f3n est\u00e1 intacta solo falta que quienes dirigen nuestro destino como sociedad den respuestas a lo que se reclama a viva vos y se nota mucho la indiferencia de parte de la dirigencia gubernamental tanto provincial como nacional, que a mi modo de ver son las culpables del lamentable estancamiento del sur y eso viene desde hace muchos a\u00f1os.<\/p>\n","protected":false},"excerpt":{"rendered":"<p>Todos sabemos lo que padece la sociedad del sur provincial; vemos a\u00f1o a a\u00f1o la disminuci\u00f3n de inversi\u00f3n en el campo &#8230;<\/p>\n","protected":false},"author":7,"featured_media":159440,"comment_status":"open","ping_status":"open","sticky":false,"template":"","format":"standard","meta":{"footnotes":""},"categories":[5,10],"tags":[],"class_list":["post-159439","post","type-post","status-publish","format-standard","has-post-thumbnail","hentry","category-actualidad","category-destacadas"],"_links":{"self":[{"href":"https:\/\/vinasfm.com\/noticias\/wp-json\/wp\/v2\/posts\/159439","targetHints":{"allow":["GET"]}}],"collection":[{"href":"https:\/\/vinasfm.com\/noticias\/wp-json\/wp\/v2\/posts"}],"about":[{"href":"https:\/\/vinasfm.com\/noticias\/wp-json\/wp\/v2\/types\/post"}],"author":[{"embeddable":true,"href":"https:\/\/vinasfm.com\/noticias\/wp-json\/wp\/v2\/users\/7"}],"replies":[{"embeddable":true,"href":"https:\/\/vinasfm.com\/noticias\/wp-json\/wp\/v2\/comments?post=159439"}],"version-history":[{"count":1,"href":"https:\/\/vinasfm.com\/noticias\/wp-json\/wp\/v2\/posts\/159439\/revisions"}],"predecessor-version":[{"id":159441,"href":"https:\/\/vinasfm.com\/noticias\/wp-json\/wp\/v2\/posts\/159439\/revisions\/159441"}],"wp:featuredmedia":[{"embeddable":true,"href":"https:\/\/vinasfm.com\/noticias\/wp-json\/wp\/v2\/media\/159440"}],"wp:attachment":[{"href":"https:\/\/vinasfm.com\/noticias\/wp-json\/wp\/v2\/media?parent=159439"}],"wp:term":[{"taxonomy":"category","embeddable":true,"href":"https:\/\/vinasfm.com\/noticias\/wp-json\/wp\/v2\/categories?post=159439"},{"taxonomy":"post_tag","embeddable":true,"href":"https:\/\/vinasfm.com\/noticias\/wp-json\/wp\/v2\/tags?post=159439"}],"curies":[{"name":"wp","href":"https:\/\/api.w.org\/{rel}","templated":true}]}}