{"id":159433,"date":"2026-04-15T08:17:50","date_gmt":"2026-04-15T11:17:50","guid":{"rendered":"https:\/\/vinasfm.com\/noticias\/?p=159433"},"modified":"2026-04-15T11:49:40","modified_gmt":"2026-04-15T14:49:40","slug":"llega-una-nueva-edicion-de-la-noche-de-los-costillares","status":"publish","type":"post","link":"https:\/\/vinasfm.com\/noticias\/llega-una-nueva-edicion-de-la-noche-de-los-costillares\/","title":{"rendered":"LLEGA UNA NUEVA EDICI\u00d3N DE LA NOCHE DE LOS COSTILLARES"},"content":{"rendered":"<h4><strong>En el marco de la 45\u00b0 Fiesta Nacional de la Ganader\u00eda de Zonas \u00c1ridas, se realizar\u00e1 una nueva edici\u00f3n de la Noche de los Costillares, una propuesta que busca promover la identidad local y acompa\u00f1ar la difusi\u00f3n de uno de los eventos m\u00e1s representativos del departamento.<\/strong><\/h4>\n<p>La iniciativa se desarrollar\u00e1 en distintas fechas y espacios gastron\u00f3micos: el <strong><span style=\"color: #800080;\">17 de abril<\/span><\/strong> en <strong><span style=\"color: #800080;\">El Parador<\/span><\/strong>, el <strong><span style=\"color: #800080;\">25 de abril<\/span><\/strong> en <strong><span style=\"color: #800080;\">Granja Don Paco<\/span><\/strong> y el <strong><span style=\"color: #800080;\">1 de mayo en Piccolo<\/span><\/strong>, con la participaci\u00f3n del sector privado y el acompa\u00f1amiento del municipio.<\/p>\n<p>El director de Turismo, <strong><span style=\"color: #800080;\">Gustavo Garc\u00eda<\/span><\/strong>, se\u00f1al\u00f3: <em><strong>\u201ctenemos el placer de repetir lo que hicimos el a\u00f1o pasado, que fue un \u00e9xito\u201d<\/strong><\/em>.<\/p>\n<p>Por su parte, <strong><span style=\"color: #800080;\">Nicol\u00e1s Alonso<\/span><\/strong>, desde la C\u00e1mara de Comercio, destac\u00f3 el trabajo articulado: <em><strong>\u201cla fiesta es de todos y los privados tambi\u00e9n nos acompa\u00f1an en esta ocasi\u00f3n\u201d<\/strong><\/em>. Adem\u00e1s, subray\u00f3: <em><strong>\u201cbuscamos posicionar que no solamente sea en mayo, sino trabajar con anticipaci\u00f3n\u201d<\/strong><\/em>, para finalizar expres\u00f3: <em><strong>\u201cel objetivo principal es mostrar, visibilizar y posicionar la fiesta en toda la Argentina\u201d<\/strong><\/em>.<\/p>\n<p>La propuesta se integra a un cronograma m\u00e1s amplio de promoci\u00f3n que incluye actividades en distintos puntos, con el objetivo de fortalecer la convocatoria y continuar impulsando la Fiesta Nacional de la Ganader\u00eda.<\/p>\n","protected":false},"excerpt":{"rendered":"<p>En el marco de la 45\u00b0 Fiesta Nacional de la Ganader\u00eda de Zonas \u00c1ridas, se realizar\u00e1 una nueva edici\u00f3n de la &#8230;<\/p>\n","protected":false},"author":7,"featured_media":159435,"comment_status":"open","ping_status":"open","sticky":false,"template":"","format":"standard","meta":{"footnotes":""},"categories":[5,10],"tags":[],"class_list":["post-159433","post","type-post","status-publish","format-standard","has-post-thumbnail","hentry","category-actualidad","category-destacadas"],"_links":{"self":[{"href":"https:\/\/vinasfm.com\/noticias\/wp-json\/wp\/v2\/posts\/159433","targetHints":{"allow":["GET"]}}],"collection":[{"href":"https:\/\/vinasfm.com\/noticias\/wp-json\/wp\/v2\/posts"}],"about":[{"href":"https:\/\/vinasfm.com\/noticias\/wp-json\/wp\/v2\/types\/post"}],"author":[{"embeddable":true,"href":"https:\/\/vinasfm.com\/noticias\/wp-json\/wp\/v2\/users\/7"}],"replies":[{"embeddable":true,"href":"https:\/\/vinasfm.com\/noticias\/wp-json\/wp\/v2\/comments?post=159433"}],"version-history":[{"count":2,"href":"https:\/\/vinasfm.com\/noticias\/wp-json\/wp\/v2\/posts\/159433\/revisions"}],"predecessor-version":[{"id":159438,"href":"https:\/\/vinasfm.com\/noticias\/wp-json\/wp\/v2\/posts\/159433\/revisions\/159438"}],"wp:featuredmedia":[{"embeddable":true,"href":"https:\/\/vinasfm.com\/noticias\/wp-json\/wp\/v2\/media\/159435"}],"wp:attachment":[{"href":"https:\/\/vinasfm.com\/noticias\/wp-json\/wp\/v2\/media?parent=159433"}],"wp:term":[{"taxonomy":"category","embeddable":true,"href":"https:\/\/vinasfm.com\/noticias\/wp-json\/wp\/v2\/categories?post=159433"},{"taxonomy":"post_tag","embeddable":true,"href":"https:\/\/vinasfm.com\/noticias\/wp-json\/wp\/v2\/tags?post=159433"}],"curies":[{"name":"wp","href":"https:\/\/api.w.org\/{rel}","templated":true}]}}