{"id":159429,"date":"2026-04-14T20:23:41","date_gmt":"2026-04-14T23:23:41","guid":{"rendered":"https:\/\/vinasfm.com\/noticias\/?p=159429"},"modified":"2026-04-15T11:40:44","modified_gmt":"2026-04-15T14:40:44","slug":"grave-denuncia-de-abuso-sexual-causa-conmocion-en-una-escuela-de-general-alvear","status":"publish","type":"post","link":"https:\/\/vinasfm.com\/noticias\/grave-denuncia-de-abuso-sexual-causa-conmocion-en-una-escuela-de-general-alvear\/","title":{"rendered":"GRAVE DENUNCIA DE ABUSO SEXUAL CAUSA CONMOCI\u00d3N EN UNA ESCUELA DE GENERAL ALVEAR"},"content":{"rendered":"<p>Una mujer denunci\u00f3 que su hija menor de edad fue v\u00edctima de un abuso sexual en el interior de una escuela de General Alvear.<\/p>\n<p>Un grave caso de abuso sexual genera conmoci\u00f3n en el departamento de General Alvear, luego de que un celador de la escuela \u201cCarlos Mar\u00eda de Alvear\u201d fuera denunciado por la presunta agresi\u00f3n a una de las alumnas del establecimiento, generando una r\u00e1pida investigaci\u00f3n judicial que ya tiene al acusado detenido.<\/p>\n<p>La denuncia fue radicada por la madre de la menor, lo que activ\u00f3 de inmediato los protocolos correspondientes dentro del \u00e1mbito educativo y judicial.<\/p>\n<p>Seg\u00fan informaci\u00f3n extraoficial a la que se tuvo acceso, el episodio habr\u00eda ocurrido a comienzos de esta semana, durante uno de los recreos dentro del establecimiento.<\/p>\n<p>&nbsp;<\/p>\n<p>Grave denuncia de abuso sexual causa conmoci\u00f3n en una escuela de General Alvear<\/p>\n<p>En ese contexto, la situaci\u00f3n habr\u00eda sido advertida inicialmente por familiares de la v\u00edctima, quienes comenzaron a alertar sobre lo sucedido a trav\u00e9s de grupos de WhatsApp del curso, lo que r\u00e1pidamente gener\u00f3 preocupaci\u00f3n y alarma en toda la comunidad educativa.<\/p>\n<p>A partir de la denuncia, se habr\u00eda activado el protocolo institucional previsto para este tipo de casos, mientras que el hombre acusado fue se\u00f1alado como presunto autor de un hecho de abuso sexual simple. De acuerdo a los primeros datos que trascendieron, el sujeto habr\u00eda sido detenido en el marco de la investigaci\u00f3n que se encuentra en una etapa inicial.<\/p>\n<p>&nbsp;<\/p>\n<p>El caso provoc\u00f3 un fuerte impacto en General Alvear, donde padres, alumnos y docentes siguen de cerca la evoluci\u00f3n de la causa. La circulaci\u00f3n de mensajes y advertencias en redes y grupos privados reflej\u00f3 la inquietud de las familias ante la gravedad de la acusaci\u00f3n y la necesidad de garantizar la seguridad dentro de los establecimientos educativos.<\/p>\n<p>Por el momento, no se difundieron mayores detalles oficiales sobre la causa, que contin\u00faa bajo investigaci\u00f3n. Se espera que en las pr\u00f3ximas horas las autoridades judiciales avancen con medidas procesales clave para esclarecer lo ocurrido y determinar las responsabilidades correspondientes en este delicado caso que sacude al sur mendocino.<\/p>\n","protected":false},"excerpt":{"rendered":"<p>Una mujer denunci\u00f3 que su hija menor de edad fue v\u00edctima de un abuso sexual en el interior de una escuela &#8230;<\/p>\n","protected":false},"author":7,"featured_media":159430,"comment_status":"open","ping_status":"open","sticky":false,"template":"","format":"standard","meta":{"footnotes":""},"categories":[5,4],"tags":[],"class_list":["post-159429","post","type-post","status-publish","format-standard","has-post-thumbnail","hentry","category-actualidad","category-policiales"],"_links":{"self":[{"href":"https:\/\/vinasfm.com\/noticias\/wp-json\/wp\/v2\/posts\/159429","targetHints":{"allow":["GET"]}}],"collection":[{"href":"https:\/\/vinasfm.com\/noticias\/wp-json\/wp\/v2\/posts"}],"about":[{"href":"https:\/\/vinasfm.com\/noticias\/wp-json\/wp\/v2\/types\/post"}],"author":[{"embeddable":true,"href":"https:\/\/vinasfm.com\/noticias\/wp-json\/wp\/v2\/users\/7"}],"replies":[{"embeddable":true,"href":"https:\/\/vinasfm.com\/noticias\/wp-json\/wp\/v2\/comments?post=159429"}],"version-history":[{"count":2,"href":"https:\/\/vinasfm.com\/noticias\/wp-json\/wp\/v2\/posts\/159429\/revisions"}],"predecessor-version":[{"id":159463,"href":"https:\/\/vinasfm.com\/noticias\/wp-json\/wp\/v2\/posts\/159429\/revisions\/159463"}],"wp:featuredmedia":[{"embeddable":true,"href":"https:\/\/vinasfm.com\/noticias\/wp-json\/wp\/v2\/media\/159430"}],"wp:attachment":[{"href":"https:\/\/vinasfm.com\/noticias\/wp-json\/wp\/v2\/media?parent=159429"}],"wp:term":[{"taxonomy":"category","embeddable":true,"href":"https:\/\/vinasfm.com\/noticias\/wp-json\/wp\/v2\/categories?post=159429"},{"taxonomy":"post_tag","embeddable":true,"href":"https:\/\/vinasfm.com\/noticias\/wp-json\/wp\/v2\/tags?post=159429"}],"curies":[{"name":"wp","href":"https:\/\/api.w.org\/{rel}","templated":true}]}}