{"id":159417,"date":"2026-04-14T10:28:35","date_gmt":"2026-04-14T13:28:35","guid":{"rendered":"https:\/\/vinasfm.com\/noticias\/?p=159417"},"modified":"2026-04-15T10:30:42","modified_gmt":"2026-04-15T13:30:42","slug":"gasoducto-avanzan-los-trabajos-de-interconexion-y-la-obra-ingreso-en-su-recta-final","status":"publish","type":"post","link":"https:\/\/vinasfm.com\/noticias\/gasoducto-avanzan-los-trabajos-de-interconexion-y-la-obra-ingreso-en-su-recta-final\/","title":{"rendered":"GASODUCTO: AVANZAN LOS TRABAJOS DE INTERCONEXI\u00d3N Y LA OBRA INGRES\u00d3 EN SU RECTA FINAL"},"content":{"rendered":"<h4><strong>D\u00edas atr\u00e1s el Intendente Omar F\u00e9lix hizo un importante anuncio en relaci\u00f3n a una obra muy esperada por todos los sanrafaelinos: el gasoducto<\/strong><strong>. El jefe comunal destac\u00f3 que las tareas se terminar\u00e1n en un plazo aproximado de 60 d\u00edas.<\/strong><\/h4>\n<p>En este marco, la Secretaria de Obras P\u00fablicas de la Municipalidad de San Rafael, Andrea Fichetti, dio detalles de como avanzan los trabajos que se ejecutan en inmediaciones del paraje La Tosca.<\/p>\n<p>Las tareas incluyen el empalme del gasoducto que viene desde La Mora con el nuevo tendido ejecutado por el municipio.<\/p>\n<p><em><strong>\u201cSe est\u00e1n haciendo los \u00faltimos trabajos que tienen que ver con el interconexionado entre la estaci\u00f3n de separaci\u00f3n y la estaci\u00f3n de odorizaci\u00f3n\u201d, indic\u00f3 la funcionaria quien remarc\u00f3 que \u201cuna parte de los trabajos se realizan a nivel del suelo y otra parte es subterr\u00e1nea\u201d<\/strong><\/em>.<\/p>\n<p>A la par se realizan ensayos de resistencia de hermeticidad, controles de soldadura y las pruebas en el ramal de alta presi\u00f3n (que se extiende de calle Isel\u00edn y Granaderos hasta la planta ubicada en cercan\u00edas del Arco de Ingreso).<\/p>\n<p><em><strong>\u201cYa estamos colocando las \u00faltimas piezas mec\u00e1nicas y -en pocos d\u00edas m\u00e1s- se colocar\u00e1 la \u00faltima parte para empalmar el gasoducto\u201d<\/strong><\/em>, adelant\u00f3.<\/p>\n<p>De cara a lo que se viene Fichetti explic\u00f3 que \u201cya falta muy poco. A los vecinos les pedimos un poquitito m\u00e1s de paciencia e ir acerc\u00e1ndose a Ecogas para ir planteando inquietudes e ir avanzando en los tendidos de redes en los barrios que no las tienen y gestionar las conexiones domiciliarias en donde ya existen\u201d.<\/p>\n<h6><span style=\"color: #ff0000;\">Fuente: Diario San Rafael<\/span><\/h6>\n<p>&nbsp;<\/p>\n","protected":false},"excerpt":{"rendered":"<p>D\u00edas atr\u00e1s el Intendente Omar F\u00e9lix hizo un importante anuncio en relaci\u00f3n a una obra muy esperada por todos los sanrafaelinos: &#8230;<\/p>\n","protected":false},"author":7,"featured_media":159418,"comment_status":"open","ping_status":"open","sticky":false,"template":"","format":"standard","meta":{"footnotes":""},"categories":[5,10],"tags":[],"class_list":["post-159417","post","type-post","status-publish","format-standard","has-post-thumbnail","hentry","category-actualidad","category-destacadas"],"_links":{"self":[{"href":"https:\/\/vinasfm.com\/noticias\/wp-json\/wp\/v2\/posts\/159417","targetHints":{"allow":["GET"]}}],"collection":[{"href":"https:\/\/vinasfm.com\/noticias\/wp-json\/wp\/v2\/posts"}],"about":[{"href":"https:\/\/vinasfm.com\/noticias\/wp-json\/wp\/v2\/types\/post"}],"author":[{"embeddable":true,"href":"https:\/\/vinasfm.com\/noticias\/wp-json\/wp\/v2\/users\/7"}],"replies":[{"embeddable":true,"href":"https:\/\/vinasfm.com\/noticias\/wp-json\/wp\/v2\/comments?post=159417"}],"version-history":[{"count":1,"href":"https:\/\/vinasfm.com\/noticias\/wp-json\/wp\/v2\/posts\/159417\/revisions"}],"predecessor-version":[{"id":159420,"href":"https:\/\/vinasfm.com\/noticias\/wp-json\/wp\/v2\/posts\/159417\/revisions\/159420"}],"wp:featuredmedia":[{"embeddable":true,"href":"https:\/\/vinasfm.com\/noticias\/wp-json\/wp\/v2\/media\/159418"}],"wp:attachment":[{"href":"https:\/\/vinasfm.com\/noticias\/wp-json\/wp\/v2\/media?parent=159417"}],"wp:term":[{"taxonomy":"category","embeddable":true,"href":"https:\/\/vinasfm.com\/noticias\/wp-json\/wp\/v2\/categories?post=159417"},{"taxonomy":"post_tag","embeddable":true,"href":"https:\/\/vinasfm.com\/noticias\/wp-json\/wp\/v2\/tags?post=159417"}],"curies":[{"name":"wp","href":"https:\/\/api.w.org\/{rel}","templated":true}]}}