{"id":159388,"date":"2026-04-13T11:42:02","date_gmt":"2026-04-13T14:42:02","guid":{"rendered":"https:\/\/vinasfm.com\/noticias\/?p=159388"},"modified":"2026-04-14T10:48:50","modified_gmt":"2026-04-14T13:48:50","slug":"crisis-el-membrillo-se-pierde-entre-los-surcos-de-las-fincas-del-sur","status":"publish","type":"post","link":"https:\/\/vinasfm.com\/noticias\/crisis-el-membrillo-se-pierde-entre-los-surcos-de-las-fincas-del-sur\/","title":{"rendered":"CRISIS: EL MEMBRILLO SE PIERDE ENTRE LOS SURCOS DE LAS FINCAS DEL SUR"},"content":{"rendered":"<div class=\"xdj266r x14z9mp xat24cr x1lziwak x1vvkbs x126k92a\">\n<h4 dir=\"auto\"><strong>El cultivo de membrillo atraviesa un momento cr\u00edtico en San Rafael y General Alvear, donde la ca\u00edda de precios y la falta de mercado est\u00e1n llevando a los productores a abandonar la cosecha. <\/strong><\/h4>\n<div dir=\"auto\">La imagen de fruta tirada en los surcos se repite cada vez m\u00e1s, reflejando una actividad que dej\u00f3 de ser rentable.<\/div>\n<\/div>\n<div class=\"x14z9mp xat24cr x1lziwak x1vvkbs xtlvy1s x126k92a\">\n<div dir=\"auto\"><\/div>\n<div dir=\"auto\">Hace algunos a\u00f1os, ambos departamentos concentraban m\u00e1s de la mitad de la producci\u00f3n provincial, con m\u00e1s de 1.100 hect\u00e1reas cultivadas.<\/div>\n<div dir=\"auto\"><\/div>\n<div dir=\"auto\">Hoy, ese escenario cambi\u00f3 dr\u00e1sticamente: los costos superan ampliamente los ingresos y, en muchos casos, ni siquiera conviene levantar la fruta. A esto se suma una fuerte baja en los precios, que hoy oscilan entre 5 y 8 mil pesos el caj\u00f3n.<\/div>\n<\/div>\n<div class=\"x14z9mp xat24cr x1lziwak x1vvkbs xtlvy1s x126k92a\">\n<div dir=\"auto\"><\/div>\n<div dir=\"auto\">Ante la falta de demanda y de pol\u00edticas que impulsen el consumo, algunos productores intentan vender de forma directa a trav\u00e9s de redes sociales. Sin embargo, el panorama general es desalentador y expone la crisis de una econom\u00eda regional que, poco a poco, pierde protagonismo y queda al borde de desaparecer.<\/div>\n<\/div>\n<div dir=\"auto\"><\/div>\n<h6 dir=\"auto\"><span style=\"color: #ff0000;\">Fuente: San Rafael al Toque<\/span><\/h6>\n","protected":false},"excerpt":{"rendered":"<p>El cultivo de membrillo atraviesa un momento cr\u00edtico en San Rafael y General Alvear, donde la ca\u00edda de precios y la &#8230;<\/p>\n","protected":false},"author":7,"featured_media":159389,"comment_status":"open","ping_status":"open","sticky":false,"template":"","format":"standard","meta":{"footnotes":""},"categories":[5,14],"tags":[],"class_list":["post-159388","post","type-post","status-publish","format-standard","has-post-thumbnail","hentry","category-actualidad","category-agro"],"_links":{"self":[{"href":"https:\/\/vinasfm.com\/noticias\/wp-json\/wp\/v2\/posts\/159388","targetHints":{"allow":["GET"]}}],"collection":[{"href":"https:\/\/vinasfm.com\/noticias\/wp-json\/wp\/v2\/posts"}],"about":[{"href":"https:\/\/vinasfm.com\/noticias\/wp-json\/wp\/v2\/types\/post"}],"author":[{"embeddable":true,"href":"https:\/\/vinasfm.com\/noticias\/wp-json\/wp\/v2\/users\/7"}],"replies":[{"embeddable":true,"href":"https:\/\/vinasfm.com\/noticias\/wp-json\/wp\/v2\/comments?post=159388"}],"version-history":[{"count":1,"href":"https:\/\/vinasfm.com\/noticias\/wp-json\/wp\/v2\/posts\/159388\/revisions"}],"predecessor-version":[{"id":159391,"href":"https:\/\/vinasfm.com\/noticias\/wp-json\/wp\/v2\/posts\/159388\/revisions\/159391"}],"wp:featuredmedia":[{"embeddable":true,"href":"https:\/\/vinasfm.com\/noticias\/wp-json\/wp\/v2\/media\/159389"}],"wp:attachment":[{"href":"https:\/\/vinasfm.com\/noticias\/wp-json\/wp\/v2\/media?parent=159388"}],"wp:term":[{"taxonomy":"category","embeddable":true,"href":"https:\/\/vinasfm.com\/noticias\/wp-json\/wp\/v2\/categories?post=159388"},{"taxonomy":"post_tag","embeddable":true,"href":"https:\/\/vinasfm.com\/noticias\/wp-json\/wp\/v2\/tags?post=159388"}],"curies":[{"name":"wp","href":"https:\/\/api.w.org\/{rel}","templated":true}]}}