{"id":159371,"date":"2026-04-13T09:55:05","date_gmt":"2026-04-13T12:55:05","guid":{"rendered":"https:\/\/vinasfm.com\/noticias\/?p=159371"},"modified":"2026-04-14T10:28:34","modified_gmt":"2026-04-14T13:28:34","slug":"agustin-fernandez-presidente-de-la-especifica-de-ganaderia-de-general-alvear-destaco-la-innovacion-en-riego-y-la-apuesta-productiva","status":"publish","type":"post","link":"https:\/\/vinasfm.com\/noticias\/agustin-fernandez-presidente-de-la-especifica-de-ganaderia-de-general-alvear-destaco-la-innovacion-en-riego-y-la-apuesta-productiva\/","title":{"rendered":"AGUST\u00cdN FERN\u00c1NDEZ PRESIDENTE DE LA ESPEC\u00cdFICA DE GANADER\u00cdA DE GENERAL ALVEAR DESTACO LA INNOVACI\u00d3N EN RIEGO Y LA APUESTA PRODUCTIVA"},"content":{"rendered":"<h4 data-start=\"393\" data-end=\"755\"><strong>Durante la visita, se realizaron dos paradas t\u00e9cnicas en la primera, se expuso un sistema de pastoreo directo sobre alfalfa con riego tradicional, en la segunda estaci\u00f3n se presentaron dos equipos de riego por pivote central, uno de ellos con una innovadora modalidad h\u00edbrida que combina energ\u00eda convencional con un importante aporte de energ\u00eda solar.<\/strong><\/h4>\n<p data-start=\"757\" data-end=\"1053\"><strong><span style=\"color: #800080;\">Agust\u00edn Fern\u00e1ndez<\/span><\/strong>, Presidente de la espec\u00edfica de Ganader\u00eda en di\u00e1logo con <strong><span style=\"color: #800080;\">FM VI\u00d1AS<\/span><\/strong> hablo acerca de todo lo vivido en la jornada t\u00e9cnica: <em><strong>&#8216;este sistema representa una inversi\u00f3n significativa que permite mitigar uno de los principales costos actuales del sector como lo es la energ\u00eda, esta incorporaci\u00f3n de energ\u00eda solar logra reducir entre un 30% y un 40% el gasto total, lo que mejora considerablemente la eficiencia productiva&#8217;<\/strong><\/em>.<\/p>\n<p data-start=\"1055\" data-end=\"1379\">Actualmente, los productores enfrentan dos grandes limitantes en primer lugar el <strong><span style=\"color: #800080;\">acceso al agua<\/span><\/strong> y el <strong><span style=\"color: #800080;\">costo energ\u00e9tico<\/span><\/strong>:<em><strong> &#8216;las nuevas tecnolog\u00edas de riego apuntan a optimizar el uso del recurso h\u00eddrico, aunque su implementaci\u00f3n implica un desaf\u00edo econ\u00f3mico que muchos productores asumen con una visi\u00f3n a mediano y largo plazo&#8217;<\/strong><\/em>.<\/p>\n<p data-start=\"1381\" data-end=\"1708\">En la zona, la <strong><span style=\"color: #800080;\">disponibilidad de tierras<\/span><\/strong> contin\u00faa siendo una de las principales ventajas, sin una limitante significativa en el recurso h\u00eddrico subterr\u00e1neo.<\/p>\n<p data-start=\"1381\" data-end=\"1708\">En cuanto a la <strong><span style=\"color: #800080;\">escala productiva<\/span><\/strong>, se indic\u00f3 que la unidad econ\u00f3mica promedio ronda las <strong><span style=\"color: #800080;\">100 hect\u00e1reas<\/span><\/strong>, dimensi\u00f3n que permite un desarrollo m\u00e1s sustentable de la actividad.<\/p>\n<p data-start=\"1710\" data-end=\"2095\">Respecto a la evoluci\u00f3n del sector, se destac\u00f3 un proceso de transformaci\u00f3n en la estructura de los establecimientos: <em><strong>&#8216;hist\u00f3ricamente existieron grandes extensiones de tierra que luego se fragmentaron por cuestiones generacionales, actualmente se observa una tendencia hacia la reunificaci\u00f3n de superficies productivas, impulsada por productores que buscan ampliar su capacidad&#8217;<\/strong><\/em>, agreg\u00f3.<\/p>\n<p data-start=\"2097\" data-end=\"2367\">En cuanto a la producci\u00f3n forrajera, adem\u00e1s de la <strong><span style=\"color: #800080;\">alfalfa<\/span><\/strong>, se est\u00e1n desarrollando experiencias con cultivos como<strong><span style=\"color: #800080;\"> sorgo<\/span><\/strong> y <strong><span style=\"color: #800080;\">ma\u00edz bajo riego<\/span><\/strong>, lo que permite incrementar significativamente la cantidad de animales que se pueden abastecer en comparaci\u00f3n con sistemas de secano.<\/p>\n<p data-start=\"2369\" data-end=\"2712\">A nivel provincial, no se registraron ca\u00eddas en la cantidad de cabezas de ganado durante 2025, y las proyecciones apuntan a un crecimiento en los pr\u00f3ximos a\u00f1os:<em><strong> &#8216;este escenario tambi\u00e9n se ve acompa\u00f1ado por una reconversi\u00f3n productiva donde muchos agricultores incorporan la actividad forrajera como complemento aprovechando mejor sus tierras&#8217;<\/strong><\/em>, destaco Agustin en los microfonos de FM VI\u00d1AS.<\/p>\n<p data-start=\"2714\" data-end=\"2889\">Por otra parte, el <strong><span style=\"color: #800080;\">Plan de Destete<\/span><\/strong> contin\u00faa en marcha y busca superar los <strong><span style=\"color: #800080;\">18.000 terneros<\/span><\/strong> alcanzados el a\u00f1o pasado en Mendoza, con el objetivo de fortalecer el stock ganadero.<\/p>\n<p data-start=\"2891\" data-end=\"3276\">En relaci\u00f3n a la implementaci\u00f3n de la <strong><span style=\"color: #800080;\">caravana electr\u00f3nica<\/span><\/strong> para el control animal, se reconoci\u00f3 que a\u00fan existen algunas dificultades, especialmente en los eslabones intermedios de la cadena:<em><strong> &#8216;se destac\u00f3 que el sistema permitir\u00e1 mejorar el seguimiento y control del ganado, apoyado por herramientas como los bastones electr\u00f3nicos, que reducen errores y optimizan la gesti\u00f3n&#8217;<\/strong><\/em>.<\/p>\n<p data-start=\"3278\" data-end=\"3419\">\u00a0La campa\u00f1a de vacunaci\u00f3n avanza a buen ritmo, <strong><span style=\"color: #800080;\">superando el 50% de cobertura<\/span><\/strong>, dentro del plazo de 90 d\u00edas previsto.<\/p>\n<p data-start=\"3421\" data-end=\"3630\">\n","protected":false},"excerpt":{"rendered":"<p>Durante la visita, se realizaron dos paradas t\u00e9cnicas en la primera, se expuso un sistema de pastoreo directo sobre alfalfa con &#8230;<\/p>\n","protected":false},"author":7,"featured_media":159382,"comment_status":"open","ping_status":"open","sticky":false,"template":"","format":"standard","meta":{"footnotes":""},"categories":[5,14],"tags":[],"class_list":["post-159371","post","type-post","status-publish","format-standard","has-post-thumbnail","hentry","category-actualidad","category-agro"],"_links":{"self":[{"href":"https:\/\/vinasfm.com\/noticias\/wp-json\/wp\/v2\/posts\/159371","targetHints":{"allow":["GET"]}}],"collection":[{"href":"https:\/\/vinasfm.com\/noticias\/wp-json\/wp\/v2\/posts"}],"about":[{"href":"https:\/\/vinasfm.com\/noticias\/wp-json\/wp\/v2\/types\/post"}],"author":[{"embeddable":true,"href":"https:\/\/vinasfm.com\/noticias\/wp-json\/wp\/v2\/users\/7"}],"replies":[{"embeddable":true,"href":"https:\/\/vinasfm.com\/noticias\/wp-json\/wp\/v2\/comments?post=159371"}],"version-history":[{"count":3,"href":"https:\/\/vinasfm.com\/noticias\/wp-json\/wp\/v2\/posts\/159371\/revisions"}],"predecessor-version":[{"id":159419,"href":"https:\/\/vinasfm.com\/noticias\/wp-json\/wp\/v2\/posts\/159371\/revisions\/159419"}],"wp:featuredmedia":[{"embeddable":true,"href":"https:\/\/vinasfm.com\/noticias\/wp-json\/wp\/v2\/media\/159382"}],"wp:attachment":[{"href":"https:\/\/vinasfm.com\/noticias\/wp-json\/wp\/v2\/media?parent=159371"}],"wp:term":[{"taxonomy":"category","embeddable":true,"href":"https:\/\/vinasfm.com\/noticias\/wp-json\/wp\/v2\/categories?post=159371"},{"taxonomy":"post_tag","embeddable":true,"href":"https:\/\/vinasfm.com\/noticias\/wp-json\/wp\/v2\/tags?post=159371"}],"curies":[{"name":"wp","href":"https:\/\/api.w.org\/{rel}","templated":true}]}}