{"id":159314,"date":"2026-04-11T21:47:55","date_gmt":"2026-04-12T00:47:55","guid":{"rendered":"https:\/\/vinasfm.com\/noticias\/?p=159314"},"modified":"2026-04-12T23:14:23","modified_gmt":"2026-04-13T02:14:23","slug":"alejandro-molero-destaco-el-modelo-productivo-durante-el-dia-de-campo","status":"publish","type":"post","link":"https:\/\/vinasfm.com\/noticias\/alejandro-molero-destaco-el-modelo-productivo-durante-el-dia-de-campo\/","title":{"rendered":"ALEJANDRO MOLERO DESTAC\u00d3 EL MODELO PRODUCTIVO DURANTE EL D\u00cdA DE CAMPO"},"content":{"rendered":"<h4><strong>El intendente de General Alvear, Alejandro Molero, particip\u00f3 del D\u00eda de Campo y destac\u00f3 el potencial de la producci\u00f3n bajo riego y su proyecci\u00f3n en el desarrollo ganadero del sur provincial.<\/strong><\/h4>\n<p>La actividad se desarroll\u00f3 en el establecimiento Los Huarpes, ubicado en Soitu\u00e9, a 18 kil\u00f3metros de la ciudad de General Alvear, y form\u00f3 parte de la presentaci\u00f3n previa a la Fiesta Nacional de la Ganader\u00eda que organiza la C\u00e1mara de Comercio.<\/p>\n<p>Durante la jornada estuvieron presentes la vicegobernadora de la provincia Hebe Casado, autoridades legislativas como Andr\u00e9s Lombardi y Mart\u00edn Kerchner, el ministro Tadeo Garc\u00eda Zalazar, el ministro de Producci\u00f3n Rodolfo Vargas Arizu, el ministro de Gobierno e Infraestructura Natalio Mema, el Subsecretario de Cultura Diego Gareca, el intendente de la capital Ulpiano Suarez entre otros funcionarios locales y provinciales.<\/p>\n<p>\u201cLo van a escuchar en reiteradas oportunidades durante este almuerzo. Esto naci\u00f3 como una demostraci\u00f3n a los medios de comunicaci\u00f3n del trabajo que se hace en el campo mendocino, en el sur de la provincia, las tareas culturales, las tareas que se hacen con las haciendas y dem\u00e1s, y se fue mutando al p\u00fablico en general, no solamente a los medios de comunicaci\u00f3n\u201d, expres\u00f3 Molero.<\/p>\n<p><a href=\"https:\/\/vinasfm.com\/noticias\/wp-content\/uploads\/2026\/04\/Dia-de-campo.jpeg\"><img loading=\"lazy\" decoding=\"async\" class=\"alignnone size-large wp-image-159317\" src=\"https:\/\/vinasfm.com\/noticias\/wp-content\/uploads\/2026\/04\/Dia-de-campo-1024x576.jpeg\" alt=\"\" width=\"1024\" height=\"576\" srcset=\"https:\/\/vinasfm.com\/noticias\/wp-content\/uploads\/2026\/04\/Dia-de-campo-1024x576.jpeg 1024w, https:\/\/vinasfm.com\/noticias\/wp-content\/uploads\/2026\/04\/Dia-de-campo-300x169.jpeg 300w, https:\/\/vinasfm.com\/noticias\/wp-content\/uploads\/2026\/04\/Dia-de-campo-768x432.jpeg 768w, https:\/\/vinasfm.com\/noticias\/wp-content\/uploads\/2026\/04\/Dia-de-campo-1536x864.jpeg 1536w, https:\/\/vinasfm.com\/noticias\/wp-content\/uploads\/2026\/04\/Dia-de-campo-1140x641.jpeg 1140w, https:\/\/vinasfm.com\/noticias\/wp-content\/uploads\/2026\/04\/Dia-de-campo.jpeg 1600w\" sizes=\"auto, (max-width: 1024px) 100vw, 1024px\" \/><\/a><\/p>\n<p>En ese sentido, el intendente puso el foco en el eje productivo de la jornada: \u201choy, sobre todas las cosas, marcando un hito que para nosotros es importante: la demostraci\u00f3n de hoy es la producci\u00f3n bajo riego, la producci\u00f3n de forraje y transformada en kilos de carne. Es un modelo que nosotros queremos replicar en nuestro departamento y en el sur de la provincia\u201d.<\/p>\n<p>Molero tambi\u00e9n remarc\u00f3 el contexto favorable para la actividad ganadera y su proyecci\u00f3n a futuro: \u201centendemos que este tipo de actividad econ\u00f3mica le escapa al granizo, le escapa a la helada y hoy est\u00e1 atravesando uno de sus mejores momentos hist\u00f3ricos, particularmente en la Argentina, con una proyecci\u00f3n enorme con respecto a la exportaci\u00f3n de carnes. Este es uno de los modelos que tiene rentabilidad y que queremos llevar al resto del territorio del sur\u201d.<\/p>\n<p><a href=\"https:\/\/vinasfm.com\/noticias\/wp-content\/uploads\/2026\/04\/Dia-de-campo-2.jpeg\"><img loading=\"lazy\" decoding=\"async\" class=\"alignnone size-large wp-image-159315\" src=\"https:\/\/vinasfm.com\/noticias\/wp-content\/uploads\/2026\/04\/Dia-de-campo-2-1024x576.jpeg\" alt=\"\" width=\"1024\" height=\"576\" srcset=\"https:\/\/vinasfm.com\/noticias\/wp-content\/uploads\/2026\/04\/Dia-de-campo-2-1024x576.jpeg 1024w, https:\/\/vinasfm.com\/noticias\/wp-content\/uploads\/2026\/04\/Dia-de-campo-2-300x169.jpeg 300w, https:\/\/vinasfm.com\/noticias\/wp-content\/uploads\/2026\/04\/Dia-de-campo-2-768x432.jpeg 768w, https:\/\/vinasfm.com\/noticias\/wp-content\/uploads\/2026\/04\/Dia-de-campo-2-1536x864.jpeg 1536w, https:\/\/vinasfm.com\/noticias\/wp-content\/uploads\/2026\/04\/Dia-de-campo-2-1140x641.jpeg 1140w, https:\/\/vinasfm.com\/noticias\/wp-content\/uploads\/2026\/04\/Dia-de-campo-2.jpeg 1600w\" sizes=\"auto, (max-width: 1024px) 100vw, 1024px\" \/><\/a><\/p>\n<p>Finalmente, el jefe comunal subray\u00f3 el acompa\u00f1amiento del Estado al sector: \u201choy nos acompa\u00f1an actores fundamentales de un gobierno que apunta a la producci\u00f3n, al desarrollo y al trabajo, con un Estado que apoya el desarrollo de lo privado en la provincia de Mendoza. Este es el modelo que nosotros venimos a acompa\u00f1ar y apoyar\u201d.<\/p>\n<p>As\u00ed la 45\u00b0 Fiesta Nacional de la Ganader\u00eda de Zonas \u00c1ridas dio inicio a su cuenta regresiva con la presentaci\u00f3n oficial de la fiesta m\u00e1s grande del oeste argentino, que este a\u00f1o tendr\u00e1 lugar del 6 al 10 de mayo en General Alvear.<\/p>\n","protected":false},"excerpt":{"rendered":"<p>El intendente de General Alvear, Alejandro Molero, particip\u00f3 del D\u00eda de Campo y destac\u00f3 el potencial de la producci\u00f3n bajo riego &#8230;<\/p>\n","protected":false},"author":7,"featured_media":159316,"comment_status":"open","ping_status":"open","sticky":false,"template":"","format":"standard","meta":{"footnotes":""},"categories":[5,233],"tags":[],"class_list":["post-159314","post","type-post","status-publish","format-standard","has-post-thumbnail","hentry","category-actualidad","category-dia-de-campo"],"_links":{"self":[{"href":"https:\/\/vinasfm.com\/noticias\/wp-json\/wp\/v2\/posts\/159314","targetHints":{"allow":["GET"]}}],"collection":[{"href":"https:\/\/vinasfm.com\/noticias\/wp-json\/wp\/v2\/posts"}],"about":[{"href":"https:\/\/vinasfm.com\/noticias\/wp-json\/wp\/v2\/types\/post"}],"author":[{"embeddable":true,"href":"https:\/\/vinasfm.com\/noticias\/wp-json\/wp\/v2\/users\/7"}],"replies":[{"embeddable":true,"href":"https:\/\/vinasfm.com\/noticias\/wp-json\/wp\/v2\/comments?post=159314"}],"version-history":[{"count":2,"href":"https:\/\/vinasfm.com\/noticias\/wp-json\/wp\/v2\/posts\/159314\/revisions"}],"predecessor-version":[{"id":159354,"href":"https:\/\/vinasfm.com\/noticias\/wp-json\/wp\/v2\/posts\/159314\/revisions\/159354"}],"wp:featuredmedia":[{"embeddable":true,"href":"https:\/\/vinasfm.com\/noticias\/wp-json\/wp\/v2\/media\/159316"}],"wp:attachment":[{"href":"https:\/\/vinasfm.com\/noticias\/wp-json\/wp\/v2\/media?parent=159314"}],"wp:term":[{"taxonomy":"category","embeddable":true,"href":"https:\/\/vinasfm.com\/noticias\/wp-json\/wp\/v2\/categories?post=159314"},{"taxonomy":"post_tag","embeddable":true,"href":"https:\/\/vinasfm.com\/noticias\/wp-json\/wp\/v2\/tags?post=159314"}],"curies":[{"name":"wp","href":"https:\/\/api.w.org\/{rel}","templated":true}]}}