{"id":159307,"date":"2026-04-11T00:53:45","date_gmt":"2026-04-11T03:53:45","guid":{"rendered":"https:\/\/vinasfm.com\/noticias\/?p=159307"},"modified":"2026-04-12T22:40:53","modified_gmt":"2026-04-13T01:40:53","slug":"general-alvear-sera-sede-de-una-capatacion-internacional-en-aviacion","status":"publish","type":"post","link":"https:\/\/vinasfm.com\/noticias\/general-alvear-sera-sede-de-una-capatacion-internacional-en-aviacion\/","title":{"rendered":"GENERAL ALVEAR SER\u00c1 SEDE DE UNA CAPATACI\u00d3N INTERNACIONAL EN AVIACI\u00d3N"},"content":{"rendered":"<h4><strong>Desde el 11 hasta el 15 de mayo comenzar\u00e1 en General Alvear una capacitaci\u00f3n internacional en aviaci\u00f3n que promete ser una experiencia \u00fanica para j\u00f3venes interesados en dar sus primeros pasos en el mundo aeron\u00e1utico.<\/strong><\/h4>\n<p>La propuesta estar\u00e1 a cargo de la fundaci\u00f3n francesa<strong><span style=\"color: #000080;\"> Lat\u00e9co\u00e8re<\/span><\/strong>\u00a0 y contar\u00e1 con la presencia del profesor <strong><span style=\"color: #000080;\">Jacques De Pretz<\/span><\/strong>, quien llegar\u00e1 desde <strong><span style=\"color: #000080;\">Francia<\/span><\/strong> para brindar los contenidos.<\/p>\n<p>La iniciativa no solo abordar\u00e1 aspectos hist\u00f3ricos vinculados a los inicios de la aviaci\u00f3n, sino que tambi\u00e9n incluir\u00e1 formaci\u00f3n en \u00e1reas clave como <strong><span style=\"color: #000080;\">meteorolog\u00eda<\/span><\/strong> y <strong><span style=\"color: #000080;\">aerodin\u00e1mica<\/span><\/strong><span style=\"color: #000000;\">: <em><strong>&#8216;la capacitaci\u00f3n toma como eje el recorrido de una de las primeras l\u00edneas a\u00e9reas que intent\u00f3 unir Francia con Sudam\u00e9rica, donde la regi\u00f3n de Cuyo tuvo un rol fundamental como paso estrat\u00e9gico entre Buenos Aires y Chile&#8217;<\/strong><\/em>, as\u00ed lo explicaba Anal\u00eda Garc\u00eda presidente del Aero Club de General Alvear.<\/span><\/p>\n<p>Durante aquellos primeros vuelos, las aeronaves eran rudimentarias y carec\u00edan de tecnolog\u00eda como la <strong><span style=\"color: #000080;\">presurizaci\u00f3n<\/span><\/strong>, lo que obligaba a los pilotos a atravesar la Cordillera de los Andes en condiciones extremas, buscando pasos naturales y sin asistencia de ox\u00edgeno.<\/p>\n<p>En ese contexto, zonas como la <strong><span style=\"color: #000080;\">Laguna del Diamante<\/span><\/strong> y el <strong><span style=\"color: #000080;\">Paso del Planch\u00f3n<\/span><\/strong> fueron protagonistas de diversas historias y an\u00e9cdotas que hoy forman parte del legado aeron\u00e1utico.<\/p>\n<p>La capacitaci\u00f3n est\u00e1 especialmente orientada a <strong><span style=\"color: #000080;\">j\u00f3venes<\/span> <\/strong>de entre <strong><span style=\"color: #000080;\">15 y 18 a\u00f1os<\/span><\/strong>, aunque tambi\u00e9n puede resultar de inter\u00e9s para personas con experiencia o quienes est\u00e9n considerando iniciarse en esta actividad.<\/p>\n<p>Por ello, se ha extendido la invitaci\u00f3n a distintas instituciones educativas del departamento, como escuelas secundarias y t\u00e9cnicas:<em><strong> &#8216;el curso ser\u00e1 totalmente gratuito y se desarrollar\u00e1 en el sal\u00f3n de eventos del Aeroclub local, desde el lunes 11 hasta el viernes 15 de mayo, mientras que el d\u00eda 16 se realizar\u00e1 la entrega de diplomas&#8217;<\/strong><\/em>.<\/p>\n","protected":false},"excerpt":{"rendered":"<p>Desde el 11 hasta el 15 de mayo comenzar\u00e1 en General Alvear una capacitaci\u00f3n internacional en aviaci\u00f3n que promete ser una &#8230;<\/p>\n","protected":false},"author":7,"featured_media":159308,"comment_status":"open","ping_status":"open","sticky":false,"template":"","format":"standard","meta":{"footnotes":""},"categories":[5,10],"tags":[],"class_list":["post-159307","post","type-post","status-publish","format-standard","has-post-thumbnail","hentry","category-actualidad","category-destacadas"],"_links":{"self":[{"href":"https:\/\/vinasfm.com\/noticias\/wp-json\/wp\/v2\/posts\/159307","targetHints":{"allow":["GET"]}}],"collection":[{"href":"https:\/\/vinasfm.com\/noticias\/wp-json\/wp\/v2\/posts"}],"about":[{"href":"https:\/\/vinasfm.com\/noticias\/wp-json\/wp\/v2\/types\/post"}],"author":[{"embeddable":true,"href":"https:\/\/vinasfm.com\/noticias\/wp-json\/wp\/v2\/users\/7"}],"replies":[{"embeddable":true,"href":"https:\/\/vinasfm.com\/noticias\/wp-json\/wp\/v2\/comments?post=159307"}],"version-history":[{"count":1,"href":"https:\/\/vinasfm.com\/noticias\/wp-json\/wp\/v2\/posts\/159307\/revisions"}],"predecessor-version":[{"id":159309,"href":"https:\/\/vinasfm.com\/noticias\/wp-json\/wp\/v2\/posts\/159307\/revisions\/159309"}],"wp:featuredmedia":[{"embeddable":true,"href":"https:\/\/vinasfm.com\/noticias\/wp-json\/wp\/v2\/media\/159308"}],"wp:attachment":[{"href":"https:\/\/vinasfm.com\/noticias\/wp-json\/wp\/v2\/media?parent=159307"}],"wp:term":[{"taxonomy":"category","embeddable":true,"href":"https:\/\/vinasfm.com\/noticias\/wp-json\/wp\/v2\/categories?post=159307"},{"taxonomy":"post_tag","embeddable":true,"href":"https:\/\/vinasfm.com\/noticias\/wp-json\/wp\/v2\/tags?post=159307"}],"curies":[{"name":"wp","href":"https:\/\/api.w.org\/{rel}","templated":true}]}}