{"id":159297,"date":"2026-04-10T11:06:08","date_gmt":"2026-04-10T14:06:08","guid":{"rendered":"https:\/\/vinasfm.com\/noticias\/?p=159297"},"modified":"2026-04-12T20:36:11","modified_gmt":"2026-04-12T23:36:11","slug":"tadeo-garcia-zalazar-reitero-que-los-alumnos-con-alto-ausentismo-deberan-ir-a-clases-en-diciembre","status":"publish","type":"post","link":"https:\/\/vinasfm.com\/noticias\/tadeo-garcia-zalazar-reitero-que-los-alumnos-con-alto-ausentismo-deberan-ir-a-clases-en-diciembre\/","title":{"rendered":"TADEO GARC\u00cdA ZALAZAR REITER\u00d3 QUE LOS ALUMNOS CON ALTO AUSENTISMO DEBER\u00c1N IR A CLASES EN DICIEMBRE"},"content":{"rendered":"<h4><strong>El informe difundido en las \u00faltimas horas por la organizaci\u00f3n independiente Argentinos por la Educaci\u00f3n respecto del alto porcentaje de ausentismo escolar en todo el pa\u00eds tuvo muchas repersuciones de las que Mendoza no qued\u00f3 exenta.<\/strong><\/h4>\n<p>Quien se refiri\u00f3 al tema fue Tadeo Garc\u00eda Zalazar, ministro de Educaci\u00f3n, Cultura e Infancias y DGE (Direcci\u00f3n General de Escuelas).<\/p>\n<p>El funcionario record\u00f3 que este a\u00f1o en la provincia se estableci\u00f3 que en todos los niveles -inicial, primario y secundario- los alumnos que no alcancen el 80% de asistencia a clases deber\u00e1n recuperar saberes y conocimientos en diciembre.<\/p>\n<h2>Alto ausentismo escolar<\/h2>\n<p>El documento que dio a conocer Argentinos por la Educaci\u00f3n reflej\u00f3 que entre 2022 y 2024, el porcentaje de alumnos con 15 faltas o m\u00e1s a octubre aument\u00f3 de 44% a 51% en todo el pa\u00eds.<\/p>\n<p>Discriminado por cantidad de d\u00edas de faltas, nuestra provincia tiene 10% de alumnos que no registraron inasistencias; 39% con menos de 5 faltas; 28% de 15 a 19 ausencias; 17% con 20 a 29 y 16% con 30 o m\u00e1s.<\/p>\n<p>El informe se refiere a la cantidad de inasistencias en el nivel secundario. En el caso de\u00a0<strong>Mendoza<\/strong>, el l\u00edmite para no perder la condici\u00f3n de alumnos regular es de 20 inasistencias que se puede extender a 28 si las faltas han sido justificadas.<\/p>\n<p>\u00abEstamos mejor que los promedios nacionales\u00bb, fue la primera reflexi\u00f3n de<strong>\u00a0Tadeo Garc\u00eda Zalazar y<\/strong>\u00a0de inmediato record\u00f3 que \u00aben Mendoza este a\u00f1o tomamos la decisi\u00f3n de que los alumnos tienen la obligatoriedad de 80% de asistencia a clases\u00bb.<\/p>\n<p>\u00abY los que no cumplan -advirti\u00f3 el ministro- van a tener que recuperar saberes y conocimientos en diciembre, mes que antes se dejaba solo para los que se llevaban materias o ten\u00edan que cumplir con unidades o contenidos que no aprobaron\u00bb.<\/p>\n<p>Tadeo hizo hincapi\u00e9 en que el \u00abcolegio no es solo contenci\u00f3n. En el nivel primario se les da merienda o desayuno y en algunos casos el almuerzo. Es decir que hay una importancia no s\u00f3lo en lo pedag\u00f3gico, sino en la alimentaci\u00f3n\u00bb.<\/p>\n<p>Son 60.000 raciones diarias de almuerzo y 230.000 de desayuno y merienda las que entrega la DGE.<\/p>\n<p>Garc\u00eda Zalazar explic\u00f3 que \u00abel a\u00f1o pasado tuvimos 17% de ausentismo en el sistema escolar y ahora aspiramos a que est\u00e9 entre el 10% y el 15%\u00bb.<\/p>\n<p>Admiti\u00f3 el funcionario que \u00abese 17% es muy alto. En 190 d\u00edas son casi 38 d\u00edas de ausentismo y si tomamos que cada mes tiene 22 d\u00edas h\u00e1biles, son casi 2 meses de faltas, es mucho\u00bb.<\/p>\n<p>Finalmente cont\u00f3 que ya en la primaria se ha implementado un programa que consiste en que un docente por cada escuela llama a los padres de ni\u00f1os con muchas faltas y les explica la importancia de la asistencia a clases. \u00abEst\u00e1 dando resultado\u00bb, resumi\u00f3.<\/p>\n","protected":false},"excerpt":{"rendered":"<p>El informe difundido en las \u00faltimas horas por la organizaci\u00f3n independiente Argentinos por la Educaci\u00f3n respecto del alto porcentaje de ausentismo &#8230;<\/p>\n","protected":false},"author":7,"featured_media":146661,"comment_status":"open","ping_status":"open","sticky":false,"template":"","format":"standard","meta":{"footnotes":""},"categories":[5,18],"tags":[],"class_list":["post-159297","post","type-post","status-publish","format-standard","has-post-thumbnail","hentry","category-actualidad","category-educacion"],"_links":{"self":[{"href":"https:\/\/vinasfm.com\/noticias\/wp-json\/wp\/v2\/posts\/159297","targetHints":{"allow":["GET"]}}],"collection":[{"href":"https:\/\/vinasfm.com\/noticias\/wp-json\/wp\/v2\/posts"}],"about":[{"href":"https:\/\/vinasfm.com\/noticias\/wp-json\/wp\/v2\/types\/post"}],"author":[{"embeddable":true,"href":"https:\/\/vinasfm.com\/noticias\/wp-json\/wp\/v2\/users\/7"}],"replies":[{"embeddable":true,"href":"https:\/\/vinasfm.com\/noticias\/wp-json\/wp\/v2\/comments?post=159297"}],"version-history":[{"count":1,"href":"https:\/\/vinasfm.com\/noticias\/wp-json\/wp\/v2\/posts\/159297\/revisions"}],"predecessor-version":[{"id":159298,"href":"https:\/\/vinasfm.com\/noticias\/wp-json\/wp\/v2\/posts\/159297\/revisions\/159298"}],"wp:featuredmedia":[{"embeddable":true,"href":"https:\/\/vinasfm.com\/noticias\/wp-json\/wp\/v2\/media\/146661"}],"wp:attachment":[{"href":"https:\/\/vinasfm.com\/noticias\/wp-json\/wp\/v2\/media?parent=159297"}],"wp:term":[{"taxonomy":"category","embeddable":true,"href":"https:\/\/vinasfm.com\/noticias\/wp-json\/wp\/v2\/categories?post=159297"},{"taxonomy":"post_tag","embeddable":true,"href":"https:\/\/vinasfm.com\/noticias\/wp-json\/wp\/v2\/tags?post=159297"}],"curies":[{"name":"wp","href":"https:\/\/api.w.org\/{rel}","templated":true}]}}