{"id":159293,"date":"2026-04-10T09:46:48","date_gmt":"2026-04-10T12:46:48","guid":{"rendered":"https:\/\/vinasfm.com\/noticias\/?p=159293"},"modified":"2026-04-12T14:37:25","modified_gmt":"2026-04-12T17:37:25","slug":"tres-personas-hospitalizadas-tras-un-despiste-en-ruta-171","status":"publish","type":"post","link":"https:\/\/vinasfm.com\/noticias\/tres-personas-hospitalizadas-tras-un-despiste-en-ruta-171\/","title":{"rendered":"TRES PERSONAS HOSPITALIZADAS TRAS UN DESPISTE EN RUTA 171"},"content":{"rendered":"<h4><strong>Un siniestro vial se registr\u00f3 en la Ruta 171, en el tramo comprendido entre Real del Padre y Monte Com\u00e1n, cuando el conductor de un veh\u00edculo perdi\u00f3 el control y sigui\u00f3 de largo en una de las curvas del trayecto.<\/strong><\/h4>\n<p>En el rodado se trasladaban tres personas: una pareja joven junto a la madre de uno de ellos, quienes viajaban desde la provincia de Neuqu\u00e9n con destino a Tucum\u00e1n.<\/p>\n<p>Como consecuencia del hecho, los ocupantes fueron trasladados al hospital para su evaluaci\u00f3n m\u00e9dica. Afortunadamente, ninguno de ellos presentaba heridas de gravedad.<\/p>\n","protected":false},"excerpt":{"rendered":"<p>Un siniestro vial se registr\u00f3 en la Ruta 171, en el tramo comprendido entre Real del Padre y Monte Com\u00e1n, cuando &#8230;<\/p>\n","protected":false},"author":7,"featured_media":159296,"comment_status":"open","ping_status":"open","sticky":false,"template":"","format":"standard","meta":{"footnotes":""},"categories":[5,4],"tags":[],"class_list":["post-159293","post","type-post","status-publish","format-standard","has-post-thumbnail","hentry","category-actualidad","category-policiales"],"_links":{"self":[{"href":"https:\/\/vinasfm.com\/noticias\/wp-json\/wp\/v2\/posts\/159293","targetHints":{"allow":["GET"]}}],"collection":[{"href":"https:\/\/vinasfm.com\/noticias\/wp-json\/wp\/v2\/posts"}],"about":[{"href":"https:\/\/vinasfm.com\/noticias\/wp-json\/wp\/v2\/types\/post"}],"author":[{"embeddable":true,"href":"https:\/\/vinasfm.com\/noticias\/wp-json\/wp\/v2\/users\/7"}],"replies":[{"embeddable":true,"href":"https:\/\/vinasfm.com\/noticias\/wp-json\/wp\/v2\/comments?post=159293"}],"version-history":[{"count":1,"href":"https:\/\/vinasfm.com\/noticias\/wp-json\/wp\/v2\/posts\/159293\/revisions"}],"predecessor-version":[{"id":159295,"href":"https:\/\/vinasfm.com\/noticias\/wp-json\/wp\/v2\/posts\/159293\/revisions\/159295"}],"wp:featuredmedia":[{"embeddable":true,"href":"https:\/\/vinasfm.com\/noticias\/wp-json\/wp\/v2\/media\/159296"}],"wp:attachment":[{"href":"https:\/\/vinasfm.com\/noticias\/wp-json\/wp\/v2\/media?parent=159293"}],"wp:term":[{"taxonomy":"category","embeddable":true,"href":"https:\/\/vinasfm.com\/noticias\/wp-json\/wp\/v2\/categories?post=159293"},{"taxonomy":"post_tag","embeddable":true,"href":"https:\/\/vinasfm.com\/noticias\/wp-json\/wp\/v2\/tags?post=159293"}],"curies":[{"name":"wp","href":"https:\/\/api.w.org\/{rel}","templated":true}]}}