{"id":159287,"date":"2026-04-10T09:30:11","date_gmt":"2026-04-10T12:30:11","guid":{"rendered":"https:\/\/vinasfm.com\/noticias\/?p=159287"},"modified":"2026-04-11T21:47:53","modified_gmt":"2026-04-12T00:47:53","slug":"incendio-en-una-propiedad-rural-de-alvear-oeste","status":"publish","type":"post","link":"https:\/\/vinasfm.com\/noticias\/incendio-en-una-propiedad-rural-de-alvear-oeste\/","title":{"rendered":"INCENDIO EN UNA PROPIEDAD RURAL DE ALVEAR OESTE"},"content":{"rendered":"<p>Cerca de las 21:00 hs de ayer jueves se alert\u00f3 sobre un incendio en una finca de calle 8 entre M y Santa Fe.<\/p>\n<p>Las llamas comenzaron en la parte trasera de un galp\u00f3n en unas placas de poliuretano y se expandieron por el techo de la propiedad.<\/p>\n<p>Al parecer el origen del siniestro habr\u00eda sido intencional, teniendo en cuenta que hace algunas semanas atr\u00e1s sucedi\u00f3 lo mismo en unas maderas tambi\u00e9n en el mismo lugar.<\/p>\n<p>Enojo y angustia por parte de la familia Fuertes propietaria de la finca ante las situaciones que se repiten.<\/p>\n<h6><span style=\"color: #0000ff;\">Fuente: TVA Genera Alvear<\/span><\/h6>\n","protected":false},"excerpt":{"rendered":"<p>Cerca de las 21:00 hs de ayer jueves se alert\u00f3 sobre un incendio en una finca de calle 8 entre M &#8230;<\/p>\n","protected":false},"author":7,"featured_media":159288,"comment_status":"open","ping_status":"open","sticky":false,"template":"","format":"standard","meta":{"footnotes":""},"categories":[5,4],"tags":[],"class_list":["post-159287","post","type-post","status-publish","format-standard","has-post-thumbnail","hentry","category-actualidad","category-policiales"],"_links":{"self":[{"href":"https:\/\/vinasfm.com\/noticias\/wp-json\/wp\/v2\/posts\/159287","targetHints":{"allow":["GET"]}}],"collection":[{"href":"https:\/\/vinasfm.com\/noticias\/wp-json\/wp\/v2\/posts"}],"about":[{"href":"https:\/\/vinasfm.com\/noticias\/wp-json\/wp\/v2\/types\/post"}],"author":[{"embeddable":true,"href":"https:\/\/vinasfm.com\/noticias\/wp-json\/wp\/v2\/users\/7"}],"replies":[{"embeddable":true,"href":"https:\/\/vinasfm.com\/noticias\/wp-json\/wp\/v2\/comments?post=159287"}],"version-history":[{"count":1,"href":"https:\/\/vinasfm.com\/noticias\/wp-json\/wp\/v2\/posts\/159287\/revisions"}],"predecessor-version":[{"id":159289,"href":"https:\/\/vinasfm.com\/noticias\/wp-json\/wp\/v2\/posts\/159287\/revisions\/159289"}],"wp:featuredmedia":[{"embeddable":true,"href":"https:\/\/vinasfm.com\/noticias\/wp-json\/wp\/v2\/media\/159288"}],"wp:attachment":[{"href":"https:\/\/vinasfm.com\/noticias\/wp-json\/wp\/v2\/media?parent=159287"}],"wp:term":[{"taxonomy":"category","embeddable":true,"href":"https:\/\/vinasfm.com\/noticias\/wp-json\/wp\/v2\/categories?post=159287"},{"taxonomy":"post_tag","embeddable":true,"href":"https:\/\/vinasfm.com\/noticias\/wp-json\/wp\/v2\/tags?post=159287"}],"curies":[{"name":"wp","href":"https:\/\/api.w.org\/{rel}","templated":true}]}}