{"id":159284,"date":"2026-04-10T09:26:16","date_gmt":"2026-04-10T12:26:16","guid":{"rendered":"https:\/\/vinasfm.com\/noticias\/?p=159284"},"modified":"2026-04-11T00:53:42","modified_gmt":"2026-04-11T03:53:42","slug":"se-viene-la-eleccion-a-flor-de-la-tradicion-en-el-departamento","status":"publish","type":"post","link":"https:\/\/vinasfm.com\/noticias\/se-viene-la-eleccion-a-flor-de-la-tradicion-en-el-departamento\/","title":{"rendered":"SE VIENE LA ELECCI\u00d3N A FLOR DE LA TRADICI\u00d3N EN EL DEPARTAMENTO"},"content":{"rendered":"<h4><strong>Este domingo se elegir\u00e1 la Flor de la Tradici\u00f3n en General Alvear en el Paseo de los Artesanos, organizada por la Federaci\u00f3n Gaucha, delegaci\u00f3n General Alvear.<\/strong><\/h4>\n<p>Participar\u00e1n representantes de centros tradicionalistas en una propuesta que busca fomentar la participaci\u00f3n juvenil y dar continuidad a las costumbres.<\/p>\n<h2><span style=\"color: #800080;\">CANDIDATAS:<\/span><\/h2>\n<p>Magali Aguilera: Centro Tradicionalista \u00abLos Arrieros\u00bb Bowen<\/p>\n<p>Julieta Torres: Centro Tradicionalista \u00abEl Alero\u00bb Carmensa<\/p>\n<p>Oriana Diaz: Centro Tradicionalista \u00abCencerro Cuyano\u00bb Bowen<\/p>\n<p>Tamara Peralta: Agrupaci\u00f3n \u00abHerencia Gaucha\u00bb<\/p>\n","protected":false},"excerpt":{"rendered":"<p>Este domingo se elegir\u00e1 la Flor de la Tradici\u00f3n en General Alvear en el Paseo de los Artesanos, organizada por la &#8230;<\/p>\n","protected":false},"author":7,"featured_media":159285,"comment_status":"open","ping_status":"open","sticky":false,"template":"","format":"standard","meta":{"footnotes":""},"categories":[5,19],"tags":[],"class_list":["post-159284","post","type-post","status-publish","format-standard","has-post-thumbnail","hentry","category-actualidad","category-cultura"],"_links":{"self":[{"href":"https:\/\/vinasfm.com\/noticias\/wp-json\/wp\/v2\/posts\/159284","targetHints":{"allow":["GET"]}}],"collection":[{"href":"https:\/\/vinasfm.com\/noticias\/wp-json\/wp\/v2\/posts"}],"about":[{"href":"https:\/\/vinasfm.com\/noticias\/wp-json\/wp\/v2\/types\/post"}],"author":[{"embeddable":true,"href":"https:\/\/vinasfm.com\/noticias\/wp-json\/wp\/v2\/users\/7"}],"replies":[{"embeddable":true,"href":"https:\/\/vinasfm.com\/noticias\/wp-json\/wp\/v2\/comments?post=159284"}],"version-history":[{"count":1,"href":"https:\/\/vinasfm.com\/noticias\/wp-json\/wp\/v2\/posts\/159284\/revisions"}],"predecessor-version":[{"id":159286,"href":"https:\/\/vinasfm.com\/noticias\/wp-json\/wp\/v2\/posts\/159284\/revisions\/159286"}],"wp:featuredmedia":[{"embeddable":true,"href":"https:\/\/vinasfm.com\/noticias\/wp-json\/wp\/v2\/media\/159285"}],"wp:attachment":[{"href":"https:\/\/vinasfm.com\/noticias\/wp-json\/wp\/v2\/media?parent=159284"}],"wp:term":[{"taxonomy":"category","embeddable":true,"href":"https:\/\/vinasfm.com\/noticias\/wp-json\/wp\/v2\/categories?post=159284"},{"taxonomy":"post_tag","embeddable":true,"href":"https:\/\/vinasfm.com\/noticias\/wp-json\/wp\/v2\/tags?post=159284"}],"curies":[{"name":"wp","href":"https:\/\/api.w.org\/{rel}","templated":true}]}}