{"id":159262,"date":"2026-04-09T10:30:40","date_gmt":"2026-04-09T13:30:40","guid":{"rendered":"https:\/\/vinasfm.com\/noticias\/?p=159262"},"modified":"2026-04-10T11:07:23","modified_gmt":"2026-04-10T14:07:23","slug":"averiguacion-de-paradero-se-solicita-colaboracion-de-la-poblacion-para-dar-con-el-paradero-de-cristian-mario-picos-de-35-anos","status":"publish","type":"post","link":"https:\/\/vinasfm.com\/noticias\/averiguacion-de-paradero-se-solicita-colaboracion-de-la-poblacion-para-dar-con-el-paradero-de-cristian-mario-picos-de-35-anos\/","title":{"rendered":"AVERIGUACI\u00d3N DE PARADERO: SE SOLICITA COLABORACI\u00d3N DE LA POBLACI\u00d3N PARA DAR CON EL PARADERO DE CRISTIAN MARIO PICON DE 35 A\u00d1OS"},"content":{"rendered":"<div class=\"x14z9mp xat24cr x1lziwak x1vvkbs xtlvy1s x126k92a\">\n<h4 dir=\"auto\">CRISTIAN MARIO PICON fue visto por \u00faltima vez d\u00eda 03 de abril de 2026, en su lugar de trabajo en la ciudad de San Rafael, Mendoza.<\/h4>\n<\/div>\n<div class=\"x14z9mp xat24cr x1lziwak x1vvkbs xtlvy1s x126k92a\">\n<div dir=\"auto\">El joven responde a las siguientes caracter\u00edsticas f\u00edsicas: mide 1.67 metros, su tez es trigue\u00f1a, tiene el cabello casta\u00f1o oscuro y lo usa corto. Su contexura es robusta y tiene los ojos marrones. Un rasgo que es ha perdido piezas dentarias.<\/div>\n<div dir=\"auto\">\u200b<\/div>\n<div dir=\"auto\">Al \u00faltimo momento de haber sido visto, vest\u00eda un pantal\u00f3n deportivo gris y remera manga corta marr\u00f3n y negro. Llevaba puestas zapatillas.<\/div>\n<\/div>\n<div class=\"x14z9mp xat24cr x1lziwak x1vvkbs xtlvy1s x126k92a\">\n<div dir=\"auto\"><\/div>\n<div dir=\"auto\">En caso de tener contacto con el joven o bien poder aportar datos que colaboren con su aparici\u00f3n, es necesario comunicarse de manera urgente al 911.<\/div>\n<\/div>\n","protected":false},"excerpt":{"rendered":"<p>CRISTIAN MARIO PICON fue visto por \u00faltima vez d\u00eda 03 de abril de 2026, en su lugar de trabajo en la &#8230;<\/p>\n","protected":false},"author":7,"featured_media":159263,"comment_status":"open","ping_status":"open","sticky":false,"template":"","format":"standard","meta":{"footnotes":""},"categories":[5,4],"tags":[],"class_list":["post-159262","post","type-post","status-publish","format-standard","has-post-thumbnail","hentry","category-actualidad","category-policiales"],"_links":{"self":[{"href":"https:\/\/vinasfm.com\/noticias\/wp-json\/wp\/v2\/posts\/159262","targetHints":{"allow":["GET"]}}],"collection":[{"href":"https:\/\/vinasfm.com\/noticias\/wp-json\/wp\/v2\/posts"}],"about":[{"href":"https:\/\/vinasfm.com\/noticias\/wp-json\/wp\/v2\/types\/post"}],"author":[{"embeddable":true,"href":"https:\/\/vinasfm.com\/noticias\/wp-json\/wp\/v2\/users\/7"}],"replies":[{"embeddable":true,"href":"https:\/\/vinasfm.com\/noticias\/wp-json\/wp\/v2\/comments?post=159262"}],"version-history":[{"count":2,"href":"https:\/\/vinasfm.com\/noticias\/wp-json\/wp\/v2\/posts\/159262\/revisions"}],"predecessor-version":[{"id":159299,"href":"https:\/\/vinasfm.com\/noticias\/wp-json\/wp\/v2\/posts\/159262\/revisions\/159299"}],"wp:featuredmedia":[{"embeddable":true,"href":"https:\/\/vinasfm.com\/noticias\/wp-json\/wp\/v2\/media\/159263"}],"wp:attachment":[{"href":"https:\/\/vinasfm.com\/noticias\/wp-json\/wp\/v2\/media?parent=159262"}],"wp:term":[{"taxonomy":"category","embeddable":true,"href":"https:\/\/vinasfm.com\/noticias\/wp-json\/wp\/v2\/categories?post=159262"},{"taxonomy":"post_tag","embeddable":true,"href":"https:\/\/vinasfm.com\/noticias\/wp-json\/wp\/v2\/tags?post=159262"}],"curies":[{"name":"wp","href":"https:\/\/api.w.org\/{rel}","templated":true}]}}